{"id":245,"date":"2020-08-16T11:30:00","date_gmt":"2020-08-16T09:30:00","guid":{"rendered":"https:\/\/confidencesetoilees.fr\/index.php\/2020\/08\/16\/belvedere-de-mallet-et-viaduc-de-garabit\/"},"modified":"2020-08-16T11:30:00","modified_gmt":"2020-08-16T09:30:00","slug":"belvedere-de-mallet-et-viaduc-de-garabit","status":"publish","type":"post","link":"https:\/\/confidencesetoilees.fr\/index.php\/2020\/08\/16\/belvedere-de-mallet-et-viaduc-de-garabit\/","title":{"rendered":"Belv\u00e9d\u00e8re de Mallet et Viaduc de Garabit!"},"content":{"rendered":"<p style=\"text-align: center;\">&nbsp;<a href=\"https:\/\/1.bp.blogspot.com\/-kOuUt2OcLqM\/Xy56gRAaoKI\/AAAAAAAAFMc\/r3woDiFsFEcIj4LkCm2n56DPGE4Kz2ySACLcBGAsYHQ\/s1024\/en-te%25CC%2582te%2B2.png\" style=\"display: inline !important; padding: 1em 0px;\"><img decoding=\"async\" border=\"0\" data-original-height=\"296\" data-original-width=\"1024\" src=\"https:\/\/1.bp.blogspot.com\/-kOuUt2OcLqM\/Xy56gRAaoKI\/AAAAAAAAFMc\/r3woDiFsFEcIj4LkCm2n56DPGE4Kz2ySACLcBGAsYHQ\/s640\/en-te%25CC%2582te%2B2.png\" width=\"640\" \/><\/a><\/p>\n<div style=\"text-align: justify;\">Un p&#8217;tit tour (vraiment rapide) au sud de Saint-Flour nous a amen\u00e9 \u00e0 nous poser un soir&#8230; au pied du viaduc de Garabit! Et la bonne surprise, c&#8217;est qu&#8217;il est tout illumin\u00e9 la nuit! \ud83d\ude00<span><a name='more'><\/a><\/span><\/div>\n<div style=\"text-align: center;\"><a href=\"https:\/\/1.bp.blogspot.com\/-f3NGMOQh9m4\/Xy56XEikDjI\/AAAAAAAAFLc\/1bg3QDiC-K8ZMnNUIY_t3LVqrbQuFC27wCLcBGAsYHQ\/s1024\/IMG_7055.JPG\" style=\"display: block; padding: 1em 0px; text-align: center;\"><img decoding=\"async\" border=\"0\" data-original-height=\"683\" data-original-width=\"1024\" src=\"https:\/\/1.bp.blogspot.com\/-f3NGMOQh9m4\/Xy56XEikDjI\/AAAAAAAAFLc\/1bg3QDiC-K8ZMnNUIY_t3LVqrbQuFC27wCLcBGAsYHQ\/s640\/IMG_7055.JPG\" width=\"640\" \/><\/a><\/div>\n<div style=\"clear: both;\">\n<div style=\"text-align: justify;\">Nous sommes arriv\u00e9s un peu tard mais quand m\u00eame, c&#8217;\u00e9tait l&#8217;occasion d&#8217;admirer cette oeuvre assez incroyable de Gustave Eiffel!<\/div>\n<div style=\"text-align: justify;\">Le lendemain matin, nous l&#8217;avons d\u00e9couvert sous le soleil&#8230;<\/div>\n<div style=\"text-align: justify;\"><a href=\"https:\/\/1.bp.blogspot.com\/-N8vtt6amlW0\/Xy56X3fYf0I\/AAAAAAAAFLg\/heDIdCcGkyoFOghhhjhOUgB5p-0CBq2PgCLcBGAsYHQ\/s1024\/IMG_7059.JPG\" style=\"display: block; padding: 1em 0px; text-align: center;\"><img decoding=\"async\" border=\"0\" data-original-height=\"683\" data-original-width=\"1024\" src=\"https:\/\/1.bp.blogspot.com\/-N8vtt6amlW0\/Xy56X3fYf0I\/AAAAAAAAFLg\/heDIdCcGkyoFOghhhjhOUgB5p-0CBq2PgCLcBGAsYHQ\/s640\/IMG_7059.JPG\" width=\"640\" \/><\/a><\/div>\n<div style=\"text-align: justify;\">&#8230; et nous sommes all\u00e9s l&#8217;admirer d&#8217;un peu plus loin (sur l&#8217;aire d&#8217;autoroute qui porte son nom!)<\/div>\n<div style=\"text-align: justify;\"><a href=\"https:\/\/1.bp.blogspot.com\/-0bGUASumhnk\/Xy56ZfpBoHI\/AAAAAAAAFLs\/3edGQqfEST4CVm-3v4-IhsUTtoOle-wtgCLcBGAsYHQ\/s1024\/IMG_7064.JPG\" style=\"display: block; padding: 1em 0px; text-align: center;\"><img decoding=\"async\" border=\"0\" data-original-height=\"683\" data-original-width=\"1024\" src=\"https:\/\/1.bp.blogspot.com\/-0bGUASumhnk\/Xy56ZfpBoHI\/AAAAAAAAFLs\/3edGQqfEST4CVm-3v4-IhsUTtoOle-wtgCLcBGAsYHQ\/s640\/IMG_7064.JPG\" width=\"640\" \/><\/a><\/div>\n<div style=\"text-align: justify;\">Il est quand m\u00eame impressionnant, avec ses 564 m\u00e8tres de long et 122 m\u00e8tres de haut!<\/div>\n<div style=\"text-align: justify;\">Son histoire est li\u00e9e \u00e0 la Truy\u00e8re, la rivi\u00e8re qui a sculpt\u00e9 des gorges profondes en creusant son lit ici.<\/div>\n<div style=\"text-align: justify;\">Dans les ann\u00e9es 1870, l&#8217;extension de la ligne de chemin de fer s&#8217;envisage vers le sud, pour relier Paris \u00e0 B\u00e9ziers, seul hic : la Truy\u00e8re passe par ici&#8230;<\/div>\n<div style=\"text-align: justify;\">C&#8217;est l\u00e0 que L\u00e9on Boyer et Gustave Eiffel interviennent en faisant preuve de beaucoup d&#8217;ing\u00e9niosit\u00e9 : ils imaginent et r\u00e9alisent le viaduc de Garabit, qui va permettre de r\u00e9unir les deux rives. Et quatre ann\u00e9es de travaux plus tard&#8230; TA DAM! \ud83d\ude00<\/div>\n<div style=\"text-align: justify;\"><a href=\"https:\/\/1.bp.blogspot.com\/-koxQvnqXONY\/Xy56YlaMBhI\/AAAAAAAAFLo\/OeMJbNdFe4A2GUZNj5PU0AqeoTbQjPt2wCLcBGAsYHQ\/s1024\/IMG_7062.JPG\" style=\"display: block; padding: 1em 0px; text-align: center;\"><img decoding=\"async\" border=\"0\" data-original-height=\"683\" data-original-width=\"1024\" src=\"https:\/\/1.bp.blogspot.com\/-koxQvnqXONY\/Xy56YlaMBhI\/AAAAAAAAFLo\/OeMJbNdFe4A2GUZNj5PU0AqeoTbQjPt2wCLcBGAsYHQ\/s640\/IMG_7062.JPG\" width=\"640\" \/><\/a><\/div>\n<div style=\"text-align: justify;\">Cet ouvrage a \u00e9t\u00e9 class\u00e9 Monument Historique en 2017 et fait actuellement partie d&#8217;une proc\u00e9dure de candidature \u00e0 l&#8217;Unesco. A suivre donc&#8230; \ud83d\ude0c<\/div>\n<div style=\"text-align: justify;\"><a href=\"https:\/\/1.bp.blogspot.com\/-uTeEsdK87Bk\/Xy56YOiVnUI\/AAAAAAAAFLk\/FVCx_n6tbgUPlV4kGQwCipszweF22g5WQCLcBGAsYHQ\/s1024\/IMG_7061.JPG\" style=\"display: block; padding: 1em 0px; text-align: center;\"><img decoding=\"async\" border=\"0\" data-original-height=\"683\" data-original-width=\"1024\" src=\"https:\/\/1.bp.blogspot.com\/-uTeEsdK87Bk\/Xy56YOiVnUI\/AAAAAAAAFLk\/FVCx_n6tbgUPlV4kGQwCipszweF22g5WQCLcBGAsYHQ\/s640\/IMG_7061.JPG\" width=\"640\" \/><\/a><\/div>\n<div style=\"text-align: justify;\">Un joli site pour les oiseaux&#8230; (eux au moins, ils profitent de la vue!)<\/div>\n<div style=\"text-align: justify;\"><a href=\"https:\/\/1.bp.blogspot.com\/-RlpgSPwqlgo\/Xy56aVuYvRI\/AAAAAAAAFL0\/RJbmLn__3XwotQd29WQoSip4MyrxC6VAACLcBGAsYHQ\/s1024\/IMG_7065.JPG\" style=\"display: block; padding: 1em 0px; text-align: center;\"><img decoding=\"async\" border=\"0\" data-original-height=\"683\" data-original-width=\"1024\" src=\"https:\/\/1.bp.blogspot.com\/-RlpgSPwqlgo\/Xy56aVuYvRI\/AAAAAAAAFL0\/RJbmLn__3XwotQd29WQoSip4MyrxC6VAACLcBGAsYHQ\/s640\/IMG_7065.JPG\" width=\"640\" \/><\/a><\/div>\n<div style=\"text-align: justify;\">Apr\u00e8s cette petite halte bien sympa, nous prenons le chemin de la maison o\u00f9 un rendez-vous nous attend, mais nous faisons un d\u00e9tour (encore un&#8230; \ud83d\ude01) par le belv\u00e9d\u00e8re de Mallet!<\/div>\n<div style=\"text-align: justify;\">Il se trouve \u00e0 832 m d&#8217;altitude et il offre une superbe vue sur les vall\u00e9es de la Truy\u00e8re et du B\u00e8s! Top!<\/div>\n<div style=\"text-align: justify;\"><a href=\"https:\/\/1.bp.blogspot.com\/-IZuH-_WILG8\/Xy56dka36_I\/AAAAAAAAFMQ\/5_o_eO_d3fYD_QEgQofSKnTqzMokuR4vACLcBGAsYHQ\/s1024\/IMG_7080.JPG\" style=\"display: block; padding: 1em 0px; text-align: center;\"><img decoding=\"async\" border=\"0\" data-original-height=\"683\" data-original-width=\"1024\" src=\"https:\/\/1.bp.blogspot.com\/-IZuH-_WILG8\/Xy56dka36_I\/AAAAAAAAFMQ\/5_o_eO_d3fYD_QEgQofSKnTqzMokuR4vACLcBGAsYHQ\/s640\/IMG_7080.JPG\" width=\"640\" \/><\/a><a href=\"https:\/\/1.bp.blogspot.com\/-Z_IqlSW84HY\/Xy56cpf_qpI\/AAAAAAAAFMM\/8yhMrvhrAUgkTWgCCflfaONhr9IlxoncACLcBGAsYHQ\/s1024\/IMG_7079.JPG\" style=\"display: block; padding: 1em 0px; text-align: center;\"><img decoding=\"async\" border=\"0\" data-original-height=\"683\" data-original-width=\"1024\" src=\"https:\/\/1.bp.blogspot.com\/-Z_IqlSW84HY\/Xy56cpf_qpI\/AAAAAAAAFMM\/8yhMrvhrAUgkTWgCCflfaONhr9IlxoncACLcBGAsYHQ\/s640\/IMG_7079.JPG\" width=\"640\" \/><\/a><\/div>\n<div style=\"text-align: justify;\"><a href=\"https:\/\/1.bp.blogspot.com\/-ylG3wFr-tX0\/Xy56b2-hXKI\/AAAAAAAAFMA\/h6nbyV9ddmcJC9NaYOqLgs64hrd4qAw7wCLcBGAsYHQ\/s1024\/IMG_7072.JPG\" style=\"display: block; padding: 1em 0px; text-align: center;\"><img decoding=\"async\" border=\"0\" data-original-height=\"683\" data-original-width=\"1024\" src=\"https:\/\/1.bp.blogspot.com\/-ylG3wFr-tX0\/Xy56b2-hXKI\/AAAAAAAAFMA\/h6nbyV9ddmcJC9NaYOqLgs64hrd4qAw7wCLcBGAsYHQ\/s640\/IMG_7072.JPG\" width=\"640\" \/><\/a><\/div>\n<div style=\"text-align: justify;\"><a href=\"https:\/\/1.bp.blogspot.com\/-z52KOeLWUnk\/Xy56cU16vdI\/AAAAAAAAFME\/mycSkZCQvhocu2bd4149vTtO0o_BUFdDgCLcBGAsYHQ\/s1024\/IMG_7076.JPG\" style=\"display: block; padding: 1em 0px; text-align: center;\"><img decoding=\"async\" border=\"0\" data-original-height=\"683\" data-original-width=\"1024\" src=\"https:\/\/1.bp.blogspot.com\/-z52KOeLWUnk\/Xy56cU16vdI\/AAAAAAAAFME\/mycSkZCQvhocu2bd4149vTtO0o_BUFdDgCLcBGAsYHQ\/s640\/IMG_7076.JPG\" width=\"640\" \/><\/a><\/div>\n<div style=\"text-align: justify;\">Il y a une base nautique ici (cano\u00eb, p\u00e9dalo&#8230;) et m\u00eame une plage am\u00e9nag\u00e9e pour la baignade&#8230; On a lu quelque part que c&#8217;\u00e9tait une des plus belles plages du Cantal, bon l\u00e0, on doute un peu quand m\u00eame&#8230; \ud83d\ude0a (surtout que &#8220;plage&#8221; et &#8220;cantal&#8221; \u00e7a va pas trop ensemble dans nos esprits&#8230;) mais apr\u00e8s tout, on a pas pris le temps d&#8217;aller voir, on serait peut-\u00eatre tr\u00e8s agr\u00e9ablement surpris! (une autre fois, on ira voir!!! \ud83d\ude09 )<a href=\"https:\/\/1.bp.blogspot.com\/-aLY8wa69Jfs\/Xy56cTFEseI\/AAAAAAAAFMI\/4FsbtYNE-GAQNGHTFlJ6eDXZOTlbfJGFgCLcBGAsYHQ\/s1024\/IMG_7071.JPG\" style=\"display: block; padding: 1em 0px; text-align: center;\"><img decoding=\"async\" border=\"0\" data-original-height=\"683\" data-original-width=\"1024\" src=\"https:\/\/1.bp.blogspot.com\/-aLY8wa69Jfs\/Xy56cTFEseI\/AAAAAAAAFMI\/4FsbtYNE-GAQNGHTFlJ6eDXZOTlbfJGFgCLcBGAsYHQ\/s640\/IMG_7071.JPG\" width=\"640\" \/><\/a><\/div>\n<div style=\"text-align: justify;\">En tous cas, le site est de toute beaut\u00e9!<\/div>\n<div style=\"text-align: justify;\"><a href=\"https:\/\/1.bp.blogspot.com\/-DkEb26gXDlM\/Xy56a1_iSTI\/AAAAAAAAFL8\/-Um4hH_lm3EuKAJ1njPcE8Rr-Ht4hB2YQCLcBGAsYHQ\/s1024\/IMG_7070.JPG\" style=\"display: block; padding: 1em 0px; text-align: center;\"><img decoding=\"async\" border=\"0\" data-original-height=\"683\" data-original-width=\"1024\" src=\"https:\/\/1.bp.blogspot.com\/-DkEb26gXDlM\/Xy56a1_iSTI\/AAAAAAAAFL8\/-Um4hH_lm3EuKAJ1njPcE8Rr-Ht4hB2YQCLcBGAsYHQ\/s640\/IMG_7070.JPG\" width=\"640\" \/><\/a><a href=\"https:\/\/1.bp.blogspot.com\/-Xmt6eN4rsPg\/Xy56aHt-LuI\/AAAAAAAAFLw\/NQyuYZe5s7EgCpR500B4c19e4DzlMttJACLcBGAsYHQ\/s1024\/IMG_7067.JPG\" style=\"display: block; padding: 1em 0px; text-align: center;\"><img decoding=\"async\" border=\"0\" data-original-height=\"683\" data-original-width=\"1024\" src=\"https:\/\/1.bp.blogspot.com\/-Xmt6eN4rsPg\/Xy56aHt-LuI\/AAAAAAAAFLw\/NQyuYZe5s7EgCpR500B4c19e4DzlMttJACLcBGAsYHQ\/s640\/IMG_7067.JPG\" width=\"640\" \/><br \/><\/a><\/p>\n<div style=\"display: inline !important; padding: 1em 0px; text-align: left;\">\n<div style=\"text-align: center;\"><a href=\"https:\/\/1.bp.blogspot.com\/-_VBBbX44u-A\/Xy56auAHXcI\/AAAAAAAAFL4\/1AulUxrFD4AP8Mj4ge_L1RMTnHrFGFWPACLcBGAsYHQ\/s1024\/IMG_7068.JPG\" style=\"display: inline !important; padding: 1em 0px;\"><img decoding=\"async\" border=\"0\" data-original-height=\"683\" data-original-width=\"1024\" src=\"https:\/\/1.bp.blogspot.com\/-_VBBbX44u-A\/Xy56auAHXcI\/AAAAAAAAFL4\/1AulUxrFD4AP8Mj4ge_L1RMTnHrFGFWPACLcBGAsYHQ\/s640\/IMG_7068.JPG\" width=\"640\" \/><\/a><\/div>\n<p><a href=\"https:\/\/1.bp.blogspot.com\/-_VBBbX44u-A\/Xy56auAHXcI\/AAAAAAAAFL4\/1AulUxrFD4AP8Mj4ge_L1RMTnHrFGFWPACLcBGAsYHQ\/s1024\/IMG_7068.JPG\" style=\"display: inline !important; padding: 1em 0px; text-align: center;\"><\/a><\/div>\n<\/div>\n<div style=\"text-align: justify;\"><\/div>\n<div style=\"text-align: justify;\">Allez, ce coup l\u00e0, faut vraiment qu&#8217;on rentre&#8230; la route fait un d\u00e9tour (vous avez vu, c&#8217;est pas d&#8217;not&#8217;faute&#8230;!\ud83d\ude07)&#8230; et nous passons juste \u00e0 c\u00f4t\u00e9 des ruines du ch\u00e2teau d&#8217;Alleuze&#8230;<\/div>\n<div style=\"text-align: justify;\"><\/div>\n<div style=\"text-align: center;\">Y&#8217;a comme un p&#8217;tit gout de &#8220;faudra qu&#8217;on r&#8217;vienne&#8221;&#8230; non?! \ud83d\ude0a\ud83d\ude0a\ud83d\ude00<\/div>\n<\/div>\n<div style=\"clear: both;\"><a href=\"https:\/\/1.bp.blogspot.com\/-Kn3lJv8fsjE\/Xy56eECTDgI\/AAAAAAAAFMU\/cgkr5YiPVLM7m-_uMQBBQHnba19vnOuPQCLcBGAsYHQ\/s1024\/IMG_7083.JPG\" style=\"display: block; padding: 1em 0px; text-align: center;\"><img decoding=\"async\" border=\"0\" data-original-height=\"683\" data-original-width=\"1024\" src=\"https:\/\/1.bp.blogspot.com\/-Kn3lJv8fsjE\/Xy56eECTDgI\/AAAAAAAAFMU\/cgkr5YiPVLM7m-_uMQBBQHnba19vnOuPQCLcBGAsYHQ\/s640\/IMG_7083.JPG\" width=\"640\" \/><\/a><\/div>\n<p style=\"text-align: center;\">\n<div style=\"clear: both;\">@ tr\u00e8s vite!<\/div>\n<div style=\"clear: both;\"><\/div>\n<div style=\"clear: both;\">Les Zzzous<\/div>\n<p><\/p>\n<div style=\"clear: both;\"><\/div>\n<div style=\"clear: both;\"><a href=\"https:\/\/1.bp.blogspot.com\/-WDJmzZnvHRI\/Xy56fYdw8CI\/AAAAAAAAFMY\/Ij2O2ZXoDPco_9go7NuJrEif_7IcavpVQCLcBGAsYHQ\/s1024\/en-te%25CC%2582te%2B1.png\" style=\"display: block; padding: 1em 0px; text-align: center;\"><img decoding=\"async\" border=\"0\" data-original-height=\"310\" data-original-width=\"1024\" src=\"https:\/\/1.bp.blogspot.com\/-WDJmzZnvHRI\/Xy56fYdw8CI\/AAAAAAAAFMY\/Ij2O2ZXoDPco_9go7NuJrEif_7IcavpVQCLcBGAsYHQ\/s640\/en-te%25CC%2582te%2B1.png\" width=\"640\" \/><\/a><\/div>\n<p><\/p>\n","protected":false},"excerpt":{"rendered":"<p>&nbsp; Un p&#8217;tit tour (vraiment rapide) au sud de Saint-Flour nous a amen\u00e9 \u00e0 nous poser un soir&#8230; au pied du viaduc de Garabit! Et la bonne surprise, c&#8217;est qu&#8217;il est tout illumin\u00e9 la nuit! \ud83d\ude00 Nous sommes arriv\u00e9s un peu tard mais quand m\u00eame, c&#8217;\u00e9tait l&#8217;occasion d&#8217;admirer cette oeuvre assez incroyable de Gustave Eiffel! Le lendemain matin, nous l&#8217;avons d\u00e9couvert sous le soleil&#8230; &#8230; et nous sommes all\u00e9s l&#8217;admirer d&#8217;un peu plus loin (sur l&#8217;aire d&#8217;autoroute qui porte son nom!) Il est quand m\u00eame impressionnant, avec ses 564 m\u00e8tres de long et 122 m\u00e8tres de haut! Son histoire est li\u00e9e \u00e0 la Truy\u00e8re, la rivi\u00e8re qui a sculpt\u00e9 des gorges profondes en creusant son lit ici. Dans les ann\u00e9es 1870, l&#8217;extension de la ligne de chemin de fer s&#8217;envisage vers le sud, pour relier Paris \u00e0 B\u00e9ziers, seul hic : la Truy\u00e8re passe par ici&#8230; C&#8217;est l\u00e0 que L\u00e9on Boyer et Gustave Eiffel interviennent en faisant preuve de beaucoup d&#8217;ing\u00e9niosit\u00e9 : ils imaginent et r\u00e9alisent le viaduc de Garabit, qui va permettre de r\u00e9unir les deux rives. Et quatre ann\u00e9es de travaux plus tard&#8230; TA DAM! \ud83d\ude00 Cet ouvrage a \u00e9t\u00e9 class\u00e9 Monument Historique en 2017 et fait actuellement partie d&#8217;une proc\u00e9dure de candidature \u00e0 l&#8217;Unesco. A suivre donc&#8230; \ud83d\ude0c Un joli site pour les oiseaux&#8230; (eux au moins, ils profitent de la vue!) Apr\u00e8s cette petite halte bien sympa, nous prenons le chemin de la maison o\u00f9 un rendez-vous nous attend, mais nous faisons un d\u00e9tour (encore un&#8230; \ud83d\ude01) par le belv\u00e9d\u00e8re de Mallet! Il se trouve \u00e0 832 m d&#8217;altitude et il offre une superbe vue sur les vall\u00e9es de la Truy\u00e8re et du B\u00e8s! Top! Il y a une base nautique ici (cano\u00eb, p\u00e9dalo&#8230;) et m\u00eame une plage am\u00e9nag\u00e9e pour la baignade&#8230; On a lu quelque part que c&#8217;\u00e9tait une des plus belles plages du Cantal, bon l\u00e0, on doute un peu quand m\u00eame&#8230; \ud83d\ude0a (surtout que &#8220;plage&#8221; et &#8220;cantal&#8221; \u00e7a va pas trop ensemble dans nos esprits&#8230;) mais apr\u00e8s tout, on a pas pris le temps d&#8217;aller voir, on serait peut-\u00eatre tr\u00e8s agr\u00e9ablement surpris! (une autre fois, on ira voir!!! \ud83d\ude09 ) En tous cas, le site est de toute beaut\u00e9! Allez, ce coup l\u00e0, faut vraiment qu&#8217;on rentre&#8230; la route fait un d\u00e9tour (vous avez vu, c&#8217;est pas d&#8217;not&#8217;faute&#8230;!\ud83d\ude07)&#8230; et nous passons juste \u00e0 c\u00f4t\u00e9 des ruines du ch\u00e2teau d&#8217;Alleuze&#8230; Y&#8217;a comme un p&#8217;tit gout de &#8220;faudra qu&#8217;on r&#8217;vienne&#8221;&#8230; non?! \ud83d\ude0a\ud83d\ude0a\ud83d\ude00 @ tr\u00e8s vite! Les Zzzous<\/p>\n","protected":false},"author":1,"featured_media":0,"comment_status":"open","ping_status":"open","sticky":false,"template":"","format":"standard","meta":{"footnotes":""},"categories":[35,29,33,30,27,28],"tags":[],"class_list":["post-245","post","type-post","status-publish","format-standard","hentry","category-auvergne-rhone-alpes","category-camping-car","category-cantal","category-cassiopee","category-europe","category-france"],"acf":[],"_links":{"self":[{"href":"https:\/\/confidencesetoilees.fr\/index.php\/wp-json\/wp\/v2\/posts\/245"}],"collection":[{"href":"https:\/\/confidencesetoilees.fr\/index.php\/wp-json\/wp\/v2\/posts"}],"about":[{"href":"https:\/\/confidencesetoilees.fr\/index.php\/wp-json\/wp\/v2\/types\/post"}],"author":[{"embeddable":true,"href":"https:\/\/confidencesetoilees.fr\/index.php\/wp-json\/wp\/v2\/users\/1"}],"replies":[{"embeddable":true,"href":"https:\/\/confidencesetoilees.fr\/index.php\/wp-json\/wp\/v2\/comments?post=245"}],"version-history":[{"count":0,"href":"https:\/\/confidencesetoilees.fr\/index.php\/wp-json\/wp\/v2\/posts\/245\/revisions"}],"wp:attachment":[{"href":"https:\/\/confidencesetoilees.fr\/index.php\/wp-json\/wp\/v2\/media?parent=245"}],"wp:term":[{"taxonomy":"category","embeddable":true,"href":"https:\/\/confidencesetoilees.fr\/index.php\/wp-json\/wp\/v2\/categories?post=245"},{"taxonomy":"post_tag","embeddable":true,"href":"https:\/\/confidencesetoilees.fr\/index.php\/wp-json\/wp\/v2\/tags?post=245"}],"curies":[{"name":"wp","href":"https:\/\/api.w.org\/{rel}","templated":true}]}}