{"id":253,"date":"2020-07-25T17:38:00","date_gmt":"2020-07-25T15:38:00","guid":{"rendered":"https:\/\/confidencesetoilees.fr\/index.php\/2020\/07\/25\/le-rocher-des-pendus-st-clement\/"},"modified":"2020-07-25T17:38:00","modified_gmt":"2020-07-25T15:38:00","slug":"le-rocher-des-pendus-st-clement","status":"publish","type":"post","link":"https:\/\/confidencesetoilees.fr\/index.php\/2020\/07\/25\/le-rocher-des-pendus-st-clement\/","title":{"rendered":"Le Rocher des Pendus! (St-Cl\u00e9ment)"},"content":{"rendered":"<div style=\"clear: both; text-align: center;\">\n<a href=\"https:\/\/1.bp.blogspot.com\/--v-9jUO6pbk\/XxmzIKyOQ8I\/AAAAAAAAEq4\/heiVpkk0nKQtyj0pwkihnig5IYyltNA9gCLcBGAsYHQ\/s1600\/en-te%25CC%2582te.png\" style=\"margin-left: 1em; margin-right: 1em;\"><img fetchpriority=\"high\" decoding=\"async\" border=\"0\" data-original-height=\"280\" data-original-width=\"1021\" height=\"174\" src=\"https:\/\/1.bp.blogspot.com\/--v-9jUO6pbk\/XxmzIKyOQ8I\/AAAAAAAAEq4\/heiVpkk0nKQtyj0pwkihnig5IYyltNA9gCLcBGAsYHQ\/s640\/en-te%25CC%2582te.png\" width=\"640\" \/><\/a><\/div>\n<p><\/p>\n<div style=\"text-align: justify;\">\nEn voil\u00e0 un nom engageant! C&#8217;\u00e9tait un dimanche de juin pluvieux, tout le monde d\u00e9primait \u00e0 la maison, on ne trouvait pas de sens \u00e0 notre journ\u00e9e, alors on s&#8217;est dit qu&#8217;on allait se changer les id\u00e9es au Rocher des Pendus! \ud83d\ude02<br \/>\n<a name='more'><\/a><\/div>\n<div style=\"text-align: justify;\">\nMaiiiiiiis noooooon! N&#8217;importe quoi! C&#8217;\u00e9tait un dimanche de juin pas pluvieux du tout, le moral \u00e9tait au beau fixe et on avait juste envie de s&#8217;a\u00e9rer en mode &#8220;feignants du dimanche&#8221;&#8230;!<\/div>\n<div style=\"text-align: justify;\">\nNous avons cherch\u00e9 une balade pas loin de la maison (ben oui, qui dit &#8220;mode feignants&#8221; dit aussi &#8220;pas envie de faire de la route&#8221;!) et nous avons d\u00e9cid\u00e9 d&#8217;aller voir ce fameux rocher tr\u00e8s connu ici, que nous n&#8217;\u00e9tions encore jamais all\u00e9s d\u00e9couvrir!<\/div>\n<div style=\"text-align: justify;\">\nLe d\u00e9part se trouve \u00e0 Saint-Cl\u00e9ment, \u00e0 c\u00f4t\u00e9 de Vic-sur-C\u00e8re!<\/div>\n<div style=\"text-align: center;\">\n<\/div>\n<div style=\"text-align: center;\">\n<iframe allowfullscreen=\"\" aria-hidden=\"false\" frameborder=\"0\" height=\"300\" src=\"https:\/\/www.google.com\/maps\/embed?pb=!1m18!1m12!1m3!1d104643.82074914585!2d2.4725352627891204!3d44.93638792268555!2m3!1f0!2f0!3f0!3m2!1i1024!2i768!4f13.1!3m3!1m2!1s0x12b2b2c929919a9f%3A0xf1af644df16a6f6b!2sLa%20Vizade%2C%2015800%20Saint-Cl%C3%A9ment!5e0!3m2!1sfr!2sfr!4v1595520128531!5m2!1sfr!2sfr\" style=\"border: 0;\" tabindex=\"0\" width=\"600\"><\/iframe>\n<\/div>\n<div style=\"text-align: justify;\">\n<br \/>\nLa balade est donn\u00e9e pour 1,2 km, 35 min de marche et&#8230; ouh la la&#8230; 90m de d\u00e9nivel\u00e9! Parfait donc pour une envie de s&#8217;a\u00e9rer mais sans trop se fatiguer!!! \ud83d\ude02<br \/>\nBon, le gros point positif, c&#8217;est que le d\u00e9part est \u00e0 presque 1000m d&#8217;altitude&#8230; et l&#8217;arriv\u00e9e&#8230; bah pareil! \ud83d\ude01<br \/>\nNous avons donc suivi le petit sentier qui part du Col de Curebourse (derri\u00e8re l&#8217;h\u00f4tel) et nous sommes arriv\u00e9s au point de vue! Nous n&#8217;avons pas regrett\u00e9!<br \/>\nEn haut du chemin, on d\u00e9couvre la vall\u00e9e devant nous! Le point de vue &#8220;du rocher&#8221; est un peu plus loin sur la droite (photo ci-dessous, au niveau des barri\u00e8res en bois), la vue est belle!<\/p>\n<div style=\"text-align: center;\">\n<a href=\"https:\/\/1.bp.blogspot.com\/-5VRnsXs7cQc\/XxmzE8grwWI\/AAAAAAAAEqk\/nWSYkVaqeMoyKB-Bcr3_qckhpW25OAhvACLcBGAsYHQ\/s1600\/IMG_6628.JPG\" style=\"margin-left: 1em; margin-right: 1em;\"><img decoding=\"async\" border=\"0\" data-original-height=\"683\" data-original-width=\"1024\" height=\"426\" src=\"https:\/\/1.bp.blogspot.com\/-5VRnsXs7cQc\/XxmzE8grwWI\/AAAAAAAAEqk\/nWSYkVaqeMoyKB-Bcr3_qckhpW25OAhvACLcBGAsYHQ\/s640\/IMG_6628.JPG\" width=\"640\" \/><\/a><\/div>\n<p>\nLe rocher (qui est en fait une curiosit\u00e9 volcanique : une inversion du relief) domine Vic-sur-C\u00e8re, que l&#8217;on peut donc d\u00e9couvrir en avan\u00e7ant un peu.<\/p>\n<div style=\"text-align: center;\">\n<a href=\"https:\/\/1.bp.blogspot.com\/-q6VfAYEmnm4\/XxmzGkjBwdI\/AAAAAAAAEqw\/eC_AdCQXSGYORLuFJgSVQuzau7P1LKdYwCLcBGAsYHQ\/s1600\/IMG_6633.JPG\" style=\"margin-left: 1em; margin-right: 1em;\"><img decoding=\"async\" border=\"0\" data-original-height=\"683\" data-original-width=\"1024\" height=\"426\" src=\"https:\/\/1.bp.blogspot.com\/-q6VfAYEmnm4\/XxmzGkjBwdI\/AAAAAAAAEqw\/eC_AdCQXSGYORLuFJgSVQuzau7P1LKdYwCLcBGAsYHQ\/s640\/IMG_6633.JPG\" width=\"640\" \/><\/a><\/div>\n<p><\/div>\n<div style=\"clear: both; text-align: center;\">\n<a href=\"https:\/\/1.bp.blogspot.com\/-KW3T1_4g538\/XxmzE1WX3dI\/AAAAAAAAEqo\/fuQ9A5iDqOIVtVW5BkUSheaZy6NuMV_MACLcBGAsYHQ\/s1600\/IMG_6627.JPG\" style=\"margin-left: 1em; margin-right: 1em;\"><img loading=\"lazy\" decoding=\"async\" border=\"0\" data-original-height=\"683\" data-original-width=\"1024\" height=\"426\" src=\"https:\/\/1.bp.blogspot.com\/-KW3T1_4g538\/XxmzE1WX3dI\/AAAAAAAAEqo\/fuQ9A5iDqOIVtVW5BkUSheaZy6NuMV_MACLcBGAsYHQ\/s640\/IMG_6627.JPG\" width=\"640\" \/><\/a><\/div>\n<div style=\"clear: both; text-align: center;\">\n<\/div>\n<div style=\"clear: both; text-align: justify;\">\nD&#8217;un c\u00f4t\u00e9 la vue sur le haut de la vall\u00e9e : le puy Griou, l&#8217;Elanc\u00e8ze, le Peyre-Arse&#8230;<\/div>\n<div style=\"clear: both; text-align: justify;\">\n<\/div>\n<div style=\"clear: both; text-align: center;\">\n<a href=\"https:\/\/1.bp.blogspot.com\/-X5Od0BivnW8\/XxmzEaAibXI\/AAAAAAAAEqg\/00HtXT206yU3ahQEmCPBFNmaoz-kCh86wCLcBGAsYHQ\/s1600\/IMG_6629.JPG\" style=\"margin-left: 1em; margin-right: 1em;\"><img loading=\"lazy\" decoding=\"async\" border=\"0\" data-original-height=\"683\" data-original-width=\"1024\" height=\"426\" src=\"https:\/\/1.bp.blogspot.com\/-X5Od0BivnW8\/XxmzEaAibXI\/AAAAAAAAEqg\/00HtXT206yU3ahQEmCPBFNmaoz-kCh86wCLcBGAsYHQ\/s640\/IMG_6629.JPG\" width=\"640\" \/><\/a><\/div>\n<p><\/p>\n<div style=\"clear: both; text-align: center;\">\n<a href=\"https:\/\/1.bp.blogspot.com\/-yOKYwP1O76A\/XxmzFl_QlXI\/AAAAAAAAEqs\/yA5gOs2_kqMZqS3BIu4IzQJv-8kH_ng0QCLcBGAsYHQ\/s1600\/IMG_6630.JPG\" style=\"margin-left: 1em; margin-right: 1em;\"><img loading=\"lazy\" decoding=\"async\" border=\"0\" data-original-height=\"683\" data-original-width=\"1024\" height=\"426\" src=\"https:\/\/1.bp.blogspot.com\/-yOKYwP1O76A\/XxmzFl_QlXI\/AAAAAAAAEqs\/yA5gOs2_kqMZqS3BIu4IzQJv-8kH_ng0QCLcBGAsYHQ\/s640\/IMG_6630.JPG\" width=\"640\" \/><\/a><\/div>\n<p><\/p>\n<div style=\"clear: both; text-align: justify;\">\n&#8230; de l&#8217;autre c\u00f4t\u00e9, la vall\u00e9e qui s&#8217;ouvre vers Aurillac&#8230; o\u00f9 coule la C\u00e8re<\/div>\n<p><\/p>\n<div style=\"clear: both; text-align: center;\">\n<a href=\"https:\/\/1.bp.blogspot.com\/-ZCYt21QZeHU\/XxmzG2OFbkI\/AAAAAAAAEq0\/MjnVsL012W4ya2GZeDklDL5KMy85hHY4QCLcBGAsYHQ\/s1600\/IMG_6634.JPG\" style=\"margin-left: 1em; margin-right: 1em;\"><img loading=\"lazy\" decoding=\"async\" border=\"0\" data-original-height=\"683\" data-original-width=\"1024\" height=\"426\" src=\"https:\/\/1.bp.blogspot.com\/-ZCYt21QZeHU\/XxmzG2OFbkI\/AAAAAAAAEq0\/MjnVsL012W4ya2GZeDklDL5KMy85hHY4QCLcBGAsYHQ\/s640\/IMG_6634.JPG\" width=\"640\" \/><\/a><\/div>\n<div style=\"text-align: center;\">\n<\/div>\n<div style=\"text-align: justify;\">\nAlors bien s\u00fbr, voici l&#8217;heure de la question historique : pourquoi ce nom???&nbsp;<\/div>\n<div style=\"text-align: justify;\">\nNous avons trouv\u00e9 l&#8217;explication sur le site de l&#8217;office du tourisme, voici donc l&#8217;histoire tragique de ce lieu :<\/div>\n<div style=\"text-align: justify;\">\n<i>&#8220;&#8230; Au Moyen-Age ce rocher \u00e9tait le lieu d&#8217;ex\u00e9cution des condamn\u00e9s \u00e0 la pendaison jug\u00e9s au bailliage de Vic sur C\u00e8re.<\/i><\/div>\n<div style=\"text-align: justify;\">\n<i>&#8230; Des crochets en m\u00e9tal \u00e9taient fix\u00e9s sur la paroi du roc, une corde attach\u00e9e \u00e0 chacun des crochets. Le condamn\u00e9, apr\u00e8s un dernier regard sur ce panorama sublime, \u00e9tait pr\u00e9cipit\u00e9 dans le vide.&#8221;&nbsp;<\/i><\/div>\n<div style=\"text-align: justify;\">\n<i><br \/><\/i><\/div>\n<div style=\"text-align: justify;\">\nGloup. \ud83d\ude33<\/div>\n<div style=\"text-align: justify;\">\n<\/div>\n<div style=\"text-align: justify;\">\nAh oui, on vous a pas dit non plus, les condamn\u00e9s \u00e9taient envelopp\u00e9s d&#8217;un drap blanc et restaient suspendus quelques temps au rocher&#8230; visibles de toute la vall\u00e9e&#8230; histoire de montrer l&#8217;exemple&#8230;<\/div>\n<div style=\"text-align: justify;\">\n<\/div>\n<div style=\"text-align: justify;\">\nBon bah, \u00e0 bon entendeur, salut! \ud83d\ude0a \ud83d\ude06<\/div>\n<div style=\"text-align: justify;\">\n<\/div>\n<div style=\"text-align: justify;\">\nLes Zzzous<\/div>\n","protected":false},"excerpt":{"rendered":"<p>En voil\u00e0 un nom engageant! C&#8217;\u00e9tait un dimanche de juin pluvieux, tout le monde d\u00e9primait \u00e0 la maison, on ne trouvait pas de sens \u00e0 notre journ\u00e9e, alors on s&#8217;est dit qu&#8217;on allait se changer les id\u00e9es au Rocher des Pendus! \ud83d\ude02 Maiiiiiiis noooooon! N&#8217;importe quoi! C&#8217;\u00e9tait un dimanche de juin pas pluvieux du tout, le moral \u00e9tait au beau fixe et on avait juste envie de s&#8217;a\u00e9rer en mode &#8220;feignants du dimanche&#8221;&#8230;! Nous avons cherch\u00e9 une balade pas loin de la maison (ben oui, qui dit &#8220;mode feignants&#8221; dit aussi &#8220;pas envie de faire de la route&#8221;!) et nous avons d\u00e9cid\u00e9 d&#8217;aller voir ce fameux rocher tr\u00e8s connu ici, que nous n&#8217;\u00e9tions encore jamais all\u00e9s d\u00e9couvrir! Le d\u00e9part se trouve \u00e0 Saint-Cl\u00e9ment, \u00e0 c\u00f4t\u00e9 de Vic-sur-C\u00e8re! La balade est donn\u00e9e pour 1,2 km, 35 min de marche et&#8230; ouh la la&#8230; 90m de d\u00e9nivel\u00e9! Parfait donc pour une envie de s&#8217;a\u00e9rer mais sans trop se fatiguer!!! \ud83d\ude02 Bon, le gros point positif, c&#8217;est que le d\u00e9part est \u00e0 presque 1000m d&#8217;altitude&#8230; et l&#8217;arriv\u00e9e&#8230; bah pareil! \ud83d\ude01 Nous avons donc suivi le petit sentier qui part du Col de Curebourse (derri\u00e8re l&#8217;h\u00f4tel) et nous sommes arriv\u00e9s au point de vue! Nous n&#8217;avons pas regrett\u00e9! En haut du chemin, on d\u00e9couvre la vall\u00e9e devant nous! Le point de vue &#8220;du rocher&#8221; est un peu plus loin sur la droite (photo ci-dessous, au niveau des barri\u00e8res en bois), la vue est belle! Le rocher (qui est en fait une curiosit\u00e9 volcanique : une inversion du relief) domine Vic-sur-C\u00e8re, que l&#8217;on peut donc d\u00e9couvrir en avan\u00e7ant un peu. D&#8217;un c\u00f4t\u00e9 la vue sur le haut de la vall\u00e9e : le puy Griou, l&#8217;Elanc\u00e8ze, le Peyre-Arse&#8230; &#8230; de l&#8217;autre c\u00f4t\u00e9, la vall\u00e9e qui s&#8217;ouvre vers Aurillac&#8230; o\u00f9 coule la C\u00e8re Alors bien s\u00fbr, voici l&#8217;heure de la question historique : pourquoi ce nom???&nbsp; Nous avons trouv\u00e9 l&#8217;explication sur le site de l&#8217;office du tourisme, voici donc l&#8217;histoire tragique de ce lieu : &#8220;&#8230; Au Moyen-Age ce rocher \u00e9tait le lieu d&#8217;ex\u00e9cution des condamn\u00e9s \u00e0 la pendaison jug\u00e9s au bailliage de Vic sur C\u00e8re. &#8230; Des crochets en m\u00e9tal \u00e9taient fix\u00e9s sur la paroi du roc, une corde attach\u00e9e \u00e0 chacun des crochets. Le condamn\u00e9, apr\u00e8s un dernier regard sur ce panorama sublime, \u00e9tait pr\u00e9cipit\u00e9 dans le vide.&#8221;&nbsp; Gloup. \ud83d\ude33 Ah oui, on vous a pas dit non plus, les condamn\u00e9s \u00e9taient envelopp\u00e9s d&#8217;un drap blanc et restaient suspendus quelques temps au rocher&#8230; visibles de toute la vall\u00e9e&#8230; histoire de montrer l&#8217;exemple&#8230; Bon bah, \u00e0 bon entendeur, salut! \ud83d\ude0a \ud83d\ude06 Les Zzzous<\/p>\n","protected":false},"author":1,"featured_media":0,"comment_status":"open","ping_status":"open","sticky":false,"template":"","format":"standard","meta":{"footnotes":""},"categories":[35,33,27,28],"tags":[],"class_list":["post-253","post","type-post","status-publish","format-standard","hentry","category-auvergne-rhone-alpes","category-cantal","category-europe","category-france"],"acf":[],"_links":{"self":[{"href":"https:\/\/confidencesetoilees.fr\/index.php\/wp-json\/wp\/v2\/posts\/253"}],"collection":[{"href":"https:\/\/confidencesetoilees.fr\/index.php\/wp-json\/wp\/v2\/posts"}],"about":[{"href":"https:\/\/confidencesetoilees.fr\/index.php\/wp-json\/wp\/v2\/types\/post"}],"author":[{"embeddable":true,"href":"https:\/\/confidencesetoilees.fr\/index.php\/wp-json\/wp\/v2\/users\/1"}],"replies":[{"embeddable":true,"href":"https:\/\/confidencesetoilees.fr\/index.php\/wp-json\/wp\/v2\/comments?post=253"}],"version-history":[{"count":0,"href":"https:\/\/confidencesetoilees.fr\/index.php\/wp-json\/wp\/v2\/posts\/253\/revisions"}],"wp:attachment":[{"href":"https:\/\/confidencesetoilees.fr\/index.php\/wp-json\/wp\/v2\/media?parent=253"}],"wp:term":[{"taxonomy":"category","embeddable":true,"href":"https:\/\/confidencesetoilees.fr\/index.php\/wp-json\/wp\/v2\/categories?post=253"},{"taxonomy":"post_tag","embeddable":true,"href":"https:\/\/confidencesetoilees.fr\/index.php\/wp-json\/wp\/v2\/tags?post=253"}],"curies":[{"name":"wp","href":"https:\/\/api.w.org\/{rel}","templated":true}]}}