{"id":381,"date":"2017-07-21T17:49:00","date_gmt":"2017-07-21T15:49:00","guid":{"rendered":"https:\/\/confidencesetoilees.fr\/index.php\/2017\/07\/21\/ferme-ton-clapet\/"},"modified":"2017-07-21T17:49:00","modified_gmt":"2017-07-21T15:49:00","slug":"ferme-ton-clapet","status":"publish","type":"post","link":"https:\/\/confidencesetoilees.fr\/index.php\/2017\/07\/21\/ferme-ton-clapet\/","title":{"rendered":"Ferme ton clapet !"},"content":{"rendered":"<div style=\"clear: both; text-align: center;\">\n<a href=\"https:\/\/3.bp.blogspot.com\/-ywArEJnISWI\/WXIbwpK7SRI\/AAAAAAAACUA\/gMx2bpFIyr03myVW4M5eRsNKPN3SMT1wACLcBGAs\/s1600\/en-te%25CC%2582te.png\" style=\"margin-left: 1em; margin-right: 1em;\"><img fetchpriority=\"high\" decoding=\"async\" border=\"0\" data-original-height=\"234\" data-original-width=\"800\" height=\"185\" src=\"https:\/\/3.bp.blogspot.com\/-ywArEJnISWI\/WXIbwpK7SRI\/AAAAAAAACUA\/gMx2bpFIyr03myVW4M5eRsNKPN3SMT1wACLcBGAs\/s640\/en-te%25CC%2582te.png\" width=\"640\" \/><\/a><\/div>\n<p>\nTout a commenc\u00e9 par une soir\u00e9e calme, avec un joli coucher de soleil sur les montagnes, <br \/>\n<a name='more'><\/a>&#8230; Cassiop\u00e9e stationn\u00e9e devant la splendide abbaye de Stams, \u00e0 environ 35 km \u00e0 l&#8217;ouest d&#8217;Innsbruck.<\/p>\n<div style=\"clear: both; text-align: center;\">\n<a href=\"https:\/\/2.bp.blogspot.com\/-hS2hHyvFGKo\/WXIbtmSRaHI\/AAAAAAAACTE\/zF-wApGIqJYR_8Xm0nuxp1nB4-5Pka15ACLcBGAs\/s1600\/IMG_8340.JPG\" style=\"margin-left: 1em; margin-right: 1em;\"><img decoding=\"async\" border=\"0\" data-original-height=\"533\" data-original-width=\"800\" height=\"266\" src=\"https:\/\/2.bp.blogspot.com\/-hS2hHyvFGKo\/WXIbtmSRaHI\/AAAAAAAACTE\/zF-wApGIqJYR_8Xm0nuxp1nB4-5Pka15ACLcBGAs\/s400\/IMG_8340.JPG\" width=\"400\" \/><\/a><\/div>\n<div style=\"clear: both; text-align: center;\">\n<\/div>\n<div style=\"clear: both; text-align: left;\">\nCe matin, nous avons pu admirer ses deux superbes clochers bulbeux!&nbsp;<\/div>\n<div style=\"clear: both; text-align: left;\">\n<\/div>\n<div style=\"clear: both; text-align: center;\">\n<a href=\"https:\/\/3.bp.blogspot.com\/-K3rFoHgytqE\/WXIbwJm3jbI\/AAAAAAAACT0\/8h7Pv1Ytng0zpo4ATF4AQTidC4YmFRvbQCLcBGAs\/s1600\/IMG_8389.JPG\" style=\"margin-left: 1em; margin-right: 1em;\"><img decoding=\"async\" border=\"0\" data-original-height=\"533\" data-original-width=\"800\" height=\"266\" src=\"https:\/\/3.bp.blogspot.com\/-K3rFoHgytqE\/WXIbwJm3jbI\/AAAAAAAACT0\/8h7Pv1Ytng0zpo4ATF4AQTidC4YmFRvbQCLcBGAs\/s400\/IMG_8389.JPG\" width=\"400\" \/><\/a><\/div>\n<div style=\"clear: both; text-align: center;\">\n<\/div>\n<div style=\"clear: both; text-align: left;\">\nC&#8217;est un monument qui a bien s\u00fbr une histoire tr\u00e8s charg\u00e9e. Ce fut tout d&#8217;abord une abbaye cistercienne (tr\u00e8s puissante qui poss\u00e9dait une grande partie des terres de la r\u00e9gion) fond\u00e9e au 13\u00b0si\u00e8cle par le comte Meinhard II et sa femme Elisabeth de Bavi\u00e8re en m\u00e9moire de leur fils Conradin, ultime descendant des Hohenstauffen.&nbsp;<\/div>\n<div style=\"clear: both; text-align: left;\">\n(Comment \u00e7a, vous n&#8217;\u00eates pas au point sur &nbsp;l&#8217;histoire de l&#8217;Autriche?! \ud83d\ude0f )&nbsp;<\/div>\n<div style=\"clear: both; text-align: left;\">\n<\/div>\n<div style=\"clear: both; text-align: left;\">\nOn vous la fait courte, elle a ensuite \u00e9t\u00e9 pill\u00e9e lors d&#8217;une r\u00e9volte de paysans en 1525, puis mise \u00e0 sac par les protestants en 1552 et victime d&#8217;un incendie en 1593. (Vous suivez? Ha ha! Tant mieux parce que ce n&#8217;est pas termin\u00e9!)<\/div>\n<div style=\"clear: both; text-align: left;\">\nElle a ensuite \u00e9t\u00e9 reconstruite \u00e0 la fin du 17\u00b0si\u00e8cle, puis totalement &#8220;baroquis\u00e9e&#8221; au 18\u00b0si\u00e8cle, ferm\u00e9e par l&#8217;occupant bavarois en 1807 puis par les nazis pendant la seconde guerre mondiale. Ouf, finalement, elle a \u00e9t\u00e9 restaur\u00e9e entre 1974 et 1984 et, au passage, elle est toujours habit\u00e9e par une vingtaine de moines!<\/div>\n<p><\/p>\n<div style=\"clear: both; text-align: center;\">\n<a href=\"https:\/\/3.bp.blogspot.com\/-m1AoMjLIiCA\/WXIbtiMxHHI\/AAAAAAAACTA\/Ki_bhLS-JE8n-ZA81nvHEGd13iKQveFFQCLcBGAs\/s1600\/IMG_8346.JPG\" style=\"margin-left: 1em; margin-right: 1em;\"><img loading=\"lazy\" decoding=\"async\" border=\"0\" data-original-height=\"533\" data-original-width=\"800\" height=\"266\" src=\"https:\/\/3.bp.blogspot.com\/-m1AoMjLIiCA\/WXIbtiMxHHI\/AAAAAAAACTA\/Ki_bhLS-JE8n-ZA81nvHEGd13iKQveFFQCLcBGAs\/s400\/IMG_8346.JPG\" width=\"400\" \/><\/a><\/div>\n<div style=\"clear: both; text-align: center;\">\n<\/div>\n<p><\/p>\n<div style=\"clear: both; text-align: center;\">\n<a href=\"https:\/\/4.bp.blogspot.com\/-WERmBX2jxmY\/WXIbtlB1ziI\/AAAAAAAACTI\/00wY4MlGBWoHx7lAkljoDVibucIgmUyAQCLcBGAs\/s1600\/IMG_8347.JPG\" style=\"margin-left: 1em; margin-right: 1em;\"><img loading=\"lazy\" decoding=\"async\" border=\"0\" data-original-height=\"533\" data-original-width=\"800\" height=\"266\" src=\"https:\/\/4.bp.blogspot.com\/-WERmBX2jxmY\/WXIbtlB1ziI\/AAAAAAAACTI\/00wY4MlGBWoHx7lAkljoDVibucIgmUyAQCLcBGAs\/s400\/IMG_8347.JPG\" width=\"400\" \/><\/a><\/div>\n<div style=\"clear: both; text-align: center;\">\n<\/div>\n<div style=\"clear: both; text-align: left;\">\nOn entre tout d&#8217;abord en passant par <i>la grille des roses, (<\/i>pas facile \u00e0 prendre en photo sans flash), un chef-d&#8217;oeuvre de la ferronnerie tyrolienne. Chaque rose a demand\u00e9 120 heures de travail et la grille enti\u00e8re presque 6 ans&#8230;<\/div>\n<p><\/p>\n<div style=\"clear: both; text-align: center;\">\n<a href=\"https:\/\/2.bp.blogspot.com\/-OSp5pxqn-eE\/WXIbuDHHJUI\/AAAAAAAACTM\/IRNLmS5JMxIG4ANAeqfN9RZ7Q16FJ7KlgCLcBGAs\/s1600\/IMG_8350.JPG\" style=\"margin-left: 1em; margin-right: 1em;\"><img loading=\"lazy\" decoding=\"async\" border=\"0\" data-original-height=\"533\" data-original-width=\"800\" height=\"266\" src=\"https:\/\/2.bp.blogspot.com\/-OSp5pxqn-eE\/WXIbuDHHJUI\/AAAAAAAACTM\/IRNLmS5JMxIG4ANAeqfN9RZ7Q16FJ7KlgCLcBGAs\/s400\/IMG_8350.JPG\" width=\"400\" \/><\/a><\/div>\n<div style=\"clear: both; text-align: center;\">\n<\/div>\n<div style=\"clear: both; text-align: left;\">\n<\/div>\n<div style=\"clear: both; text-align: left;\">\nPuis le passage par <i>la grande nef<\/i>, o\u00f9 nous avons pu admirer un vrai d\u00e9cor baroque : statues recouvertes d&#8217;or, stucs, fresques&#8230;<\/div>\n<div style=\"clear: both; text-align: center;\">\n<\/div>\n<div style=\"clear: both; text-align: center;\">\n<a href=\"https:\/\/3.bp.blogspot.com\/-0Fs55Y5dAfQ\/WXIbuThxSbI\/AAAAAAAACTU\/vndTUZehAo4yayg2hQn_IIO9nhFJe_ekACLcBGAs\/s1600\/IMG_8352.JPG\" style=\"margin-left: 1em; margin-right: 1em;\"><img loading=\"lazy\" decoding=\"async\" border=\"0\" data-original-height=\"900\" data-original-width=\"600\" height=\"400\" src=\"https:\/\/3.bp.blogspot.com\/-0Fs55Y5dAfQ\/WXIbuThxSbI\/AAAAAAAACTU\/vndTUZehAo4yayg2hQn_IIO9nhFJe_ekACLcBGAs\/s400\/IMG_8352.JPG\" width=\"266\" \/><\/a><\/div>\n<div style=\"clear: both; text-align: center;\">\n<\/div>\n<p><\/p>\n<div style=\"clear: both; text-align: center;\">\n<a href=\"https:\/\/1.bp.blogspot.com\/-EZa9Cjvv5xI\/WXIbuUlIqQI\/AAAAAAAACTQ\/gLAH80jTN_4nOOyZUdBdYa-C7TnN6zsYgCLcBGAs\/s1600\/IMG_8354.JPG\" style=\"margin-left: 1em; margin-right: 1em;\"><img loading=\"lazy\" decoding=\"async\" border=\"0\" data-original-height=\"900\" data-original-width=\"600\" height=\"400\" src=\"https:\/\/1.bp.blogspot.com\/-EZa9Cjvv5xI\/WXIbuUlIqQI\/AAAAAAAACTQ\/gLAH80jTN_4nOOyZUdBdYa-C7TnN6zsYgCLcBGAs\/s400\/IMG_8354.JPG\" width=\"266\" \/><\/a><\/div>\n<div style=\"clear: both; text-align: center;\">\n<\/div>\n<div style=\"clear: both; text-align: left;\">\nLes fresques du plafond sont de Georg Wolker, les couleurs sont d&#8217;origine et cette partie de l&#8217;abbaye n&#8217;est jamais chauff\u00e9e afin de les pr\u00e9server. (Ce qui veut dire qu&#8217;en hiver, les moines chantent plusieurs fois par jour dans une autre chapelle, chauff\u00e9e, parce que celle-ci est trop froide.)<\/div>\n<p><\/p>\n<div style=\"clear: both; text-align: center;\">\n<a href=\"https:\/\/2.bp.blogspot.com\/-RM0MF0FEd2c\/WXIbusbcRhI\/AAAAAAAACTY\/TyPQSRoON04PgthCW1OtiQzBwSoIq8aJgCLcBGAs\/s1600\/IMG_8357.JPG\" style=\"margin-left: 1em; margin-right: 1em;\"><img loading=\"lazy\" decoding=\"async\" border=\"0\" data-original-height=\"900\" data-original-width=\"600\" height=\"400\" src=\"https:\/\/2.bp.blogspot.com\/-RM0MF0FEd2c\/WXIbusbcRhI\/AAAAAAAACTY\/TyPQSRoON04PgthCW1OtiQzBwSoIq8aJgCLcBGAs\/s400\/IMG_8357.JPG\" width=\"266\" \/><\/a><\/div>\n<p>\nLa chaire, recouverte de feuilles d&#8217;or \u00e9galement,<\/p>\n<div style=\"clear: both; text-align: center;\">\n<a href=\"https:\/\/4.bp.blogspot.com\/-xHwU_e_31sE\/WXIbuxjniCI\/AAAAAAAACTc\/lSGAJlZMTcYEBolNtRpfdEhUmY2ipQePgCLcBGAs\/s1600\/IMG_8359.JPG\" style=\"margin-left: 1em; margin-right: 1em;\"><img loading=\"lazy\" decoding=\"async\" border=\"0\" data-original-height=\"900\" data-original-width=\"600\" height=\"400\" src=\"https:\/\/4.bp.blogspot.com\/-xHwU_e_31sE\/WXIbuxjniCI\/AAAAAAAACTc\/lSGAJlZMTcYEBolNtRpfdEhUmY2ipQePgCLcBGAs\/s400\/IMG_8359.JPG\" width=\"266\" \/><\/a><\/div>\n<div style=\"clear: both; text-align: center;\">\n<\/div>\n<div style=\"clear: both; text-align: center;\">\n<a href=\"https:\/\/2.bp.blogspot.com\/-nLf57YDS_i8\/WXIwRe14VPI\/AAAAAAAACUM\/o4L_m_Z8rrsxxiG53TN112vEUSH1x7gaQCLcBGAs\/s1600\/IMG_8356.JPG\" style=\"margin-left: 1em; margin-right: 1em;\"><img loading=\"lazy\" decoding=\"async\" border=\"0\" data-original-height=\"900\" data-original-width=\"600\" height=\"400\" src=\"https:\/\/2.bp.blogspot.com\/-nLf57YDS_i8\/WXIwRe14VPI\/AAAAAAAACUM\/o4L_m_Z8rrsxxiG53TN112vEUSH1x7gaQCLcBGAs\/s400\/IMG_8356.JPG\" width=\"266\" \/><\/a><\/div>\n<div style=\"clear: both; text-align: center;\">\n<\/div>\n<div style=\"clear: both; text-align: left;\">\nEt puis le choeur, o\u00f9 chantent les moines en \u00e9t\u00e9 et o\u00f9 nous d\u00e9couvrons la fameuse histoire de &#8220;clapet&#8221;!&nbsp;<\/div>\n<p><\/p>\n<div style=\"clear: both; text-align: center;\">\n<a href=\"https:\/\/4.bp.blogspot.com\/-lQNRJobd4kE\/WXIbuwrEdRI\/AAAAAAAACTk\/wswBJi2Q22AM7YfwJeGathD3ty3pZ-HGwCLcBGAs\/s1600\/IMG_8364.JPG\" style=\"margin-left: 1em; margin-right: 1em;\"><img loading=\"lazy\" decoding=\"async\" border=\"0\" data-original-height=\"533\" data-original-width=\"800\" height=\"266\" src=\"https:\/\/4.bp.blogspot.com\/-lQNRJobd4kE\/WXIbuwrEdRI\/AAAAAAAACTk\/wswBJi2Q22AM7YfwJeGathD3ty3pZ-HGwCLcBGAs\/s400\/IMG_8364.JPG\" width=\"400\" \/><\/a><\/div>\n<div style=\"clear: both; text-align: center;\">\n<\/div>\n<p>On connait tous cette expression :<br \/>\n&#8220;L&#8217;utilisation argotique de l&#8217;expression pour signifier la bouche vient du sens premier et litt\u00e9ral de la formule bo\u00eete \u00e0 clapet qui d\u00e9finissait en m\u00e9canique, notamment ferroviaire, le petit lieu dans lequel \u00e9tait situ\u00e9e la petite soupape permettant de laisser passer fluide ou vapeur dans le syst\u00e8me. Ce n&#8217;est qu&#8217;au d\u00e9but du XXe si\u00e8cle que l&#8217;expression est entr\u00e9e dans le langage populaire pour \u00e9voquer la bouche&#8221; (dixit le dictionnaire),&nbsp;mais les autrichiens ont une explication toute particuli\u00e8re \u00e0 l&#8217;origine de cette expression!<\/p>\n<p>Le clapet est ici le si\u00e8ge sur lequel les moines sont assis et qui doit \u00eatre relev\u00e9 \u00e0 chaque chant, parce que les moines ont l&#8217;obligation de chanter debout.<br \/>\nL&#8217;histoire raconte qu&#8217;un jour, un moine a commenc\u00e9 \u00e0 s&#8217;endormir en chantant, il a l\u00e9g\u00e8rement gliss\u00e9, le clapet est retomb\u00e9 (ce qui a fait un grand bruit) et tous les autres se sont tourn\u00e9s vers lui en disant &#8221; ferme ton clapet&#8221; (et reste debout!) Ha ha ha! \ud83d\ude07<\/p>\n<div style=\"clear: both; text-align: center;\">\n<a href=\"https:\/\/1.bp.blogspot.com\/-F1qfzzvbP5I\/WXIbu49um5I\/AAAAAAAACTg\/CEHX1sZf8U8-0xsyTH6RgVecfawv0WOzACLcBGAs\/s1600\/IMG_8366.JPG\" style=\"margin-left: 1em; margin-right: 1em;\"><img loading=\"lazy\" decoding=\"async\" border=\"0\" data-original-height=\"533\" data-original-width=\"800\" height=\"266\" src=\"https:\/\/1.bp.blogspot.com\/-F1qfzzvbP5I\/WXIbu49um5I\/AAAAAAAACTg\/CEHX1sZf8U8-0xsyTH6RgVecfawv0WOzACLcBGAs\/s400\/IMG_8366.JPG\" width=\"400\" \/><\/a><\/div>\n<div style=\"clear: both; text-align: center;\">\n<\/div>\n<div style=\"clear: both; text-align: center;\">\n<\/div>\n<div style=\"clear: both; text-align: left;\">\nLa visite continue avec la <i>Salle des Princes<\/i>, r\u00e9alis\u00e9e en 1720. On y voit de nombreuses fresques et une jolie galerie qui s&#8217;ouvre au milieu du plafond. C&#8217;est l\u00e0 que jouaient les musiciens lors des r\u00e9ceptions, les murs \u00e9tant l\u00e9g\u00e8rement inclin\u00e9s pour faire descendre le son. Ainsi, ils ne prenaient pas de place dans la salle en bas et n&#8217;entendaient pas les conversations des moines et des princes invit\u00e9s&#8230;<\/div>\n<p><\/p>\n<div style=\"clear: both; text-align: center;\">\n<a href=\"https:\/\/3.bp.blogspot.com\/-Puf5KXPQa8Q\/WXIbvXarHmI\/AAAAAAAACTo\/eZhtkyr5Tf8cgcOFYKXXT-Ebq8Sz5j9qACLcBGAs\/s1600\/IMG_8372.JPG\" style=\"margin-left: 1em; margin-right: 1em;\"><img loading=\"lazy\" decoding=\"async\" border=\"0\" data-original-height=\"533\" data-original-width=\"800\" height=\"266\" src=\"https:\/\/3.bp.blogspot.com\/-Puf5KXPQa8Q\/WXIbvXarHmI\/AAAAAAAACTo\/eZhtkyr5Tf8cgcOFYKXXT-Ebq8Sz5j9qACLcBGAs\/s400\/IMG_8372.JPG\" width=\"400\" \/><\/a><\/div>\n<div style=\"clear: both; text-align: center;\">\n<\/div>\n<p><\/p>\n<div style=\"clear: both; text-align: center;\">\n<a href=\"https:\/\/3.bp.blogspot.com\/-ijfLNJuaqRc\/WXIbvng1ofI\/AAAAAAAACTw\/KraZzumOUjcHMyf1A6ZxSGjwtHiW-MiEQCLcBGAs\/s1600\/IMG_8380.JPG\" style=\"margin-left: 1em; margin-right: 1em;\"><img loading=\"lazy\" decoding=\"async\" border=\"0\" data-original-height=\"533\" data-original-width=\"800\" height=\"266\" src=\"https:\/\/3.bp.blogspot.com\/-ijfLNJuaqRc\/WXIbvng1ofI\/AAAAAAAACTw\/KraZzumOUjcHMyf1A6ZxSGjwtHiW-MiEQCLcBGAs\/s400\/IMG_8380.JPG\" width=\"400\" \/><\/a><\/div>\n<div style=\"clear: both; text-align: center;\">\n<\/div>\n<div style=\"clear: both; text-align: left;\">\nLes moines sont bien s\u00fbr les gardiens de ces pr\u00e9cieux tr\u00e9sors mais ils g\u00e8rent \u00e9galement un lyc\u00e9e et son internat, ainsi qu&#8217;une &#8220;petite&#8221; \u00e9glise, le tout constituant un joli ensemble, sur un tr\u00e8s beau d\u00e9cor de montagnes.<\/div>\n<p><\/p>\n<div style=\"clear: both; text-align: center;\">\n<a href=\"https:\/\/3.bp.blogspot.com\/-hdaT7Zb1n18\/WXIbvVy8yEI\/AAAAAAAACTs\/Vu-GQtAtxVwrE18aQ2uNKVA4Kma27WE9gCLcBGAs\/s1600\/IMG_8383.JPG\" style=\"margin-left: 1em; margin-right: 1em;\"><img loading=\"lazy\" decoding=\"async\" border=\"0\" data-original-height=\"533\" data-original-width=\"800\" height=\"266\" src=\"https:\/\/3.bp.blogspot.com\/-hdaT7Zb1n18\/WXIbvVy8yEI\/AAAAAAAACTs\/Vu-GQtAtxVwrE18aQ2uNKVA4Kma27WE9gCLcBGAs\/s400\/IMG_8383.JPG\" width=\"400\" \/><\/a><\/div>\n<div style=\"clear: both; text-align: center;\">\n<\/div>\n<p><\/p>\n<div style=\"clear: both; text-align: center;\">\n<a href=\"https:\/\/4.bp.blogspot.com\/-3Cq_F9dVevM\/WXIbwISkkMI\/AAAAAAAACT4\/0u6V5bg1ojAPDfIpzqQyxu81UkRGFtXewCLcBGAs\/s1600\/IMG_8385.JPG\" style=\"margin-left: 1em; margin-right: 1em;\"><img loading=\"lazy\" decoding=\"async\" border=\"0\" data-original-height=\"533\" data-original-width=\"800\" height=\"266\" src=\"https:\/\/4.bp.blogspot.com\/-3Cq_F9dVevM\/WXIbwISkkMI\/AAAAAAAACT4\/0u6V5bg1ojAPDfIpzqQyxu81UkRGFtXewCLcBGAs\/s400\/IMG_8385.JPG\" width=\"400\" \/><\/a><\/div>\n<div style=\"clear: both; text-align: center;\">\n<\/div>\n<div style=\"clear: both; text-align: left;\">\n<\/div>\n<div style=\"clear: both; text-align: left;\">\nA tr\u00e8s vite!<\/div>\n<div style=\"clear: both; text-align: left;\">\n<\/div>\n<div style=\"clear: both; text-align: left;\">\nLes trois Zzous!<\/div>\n<p><\/p>\n<div style=\"clear: both; text-align: center;\">\n<\/div>\n<div style=\"clear: both; text-align: center;\">\n<a href=\"https:\/\/4.bp.blogspot.com\/-lqNfavYUS18\/WXIbwGvCetI\/AAAAAAAACT8\/QuY7EMo4lYAUjHEeI-Su-KB33k40U5A_wCLcBGAs\/s1600\/IMG_8392.JPG\" style=\"margin-left: 1em; margin-right: 1em;\"><img loading=\"lazy\" decoding=\"async\" border=\"0\" data-original-height=\"533\" data-original-width=\"800\" height=\"266\" src=\"https:\/\/4.bp.blogspot.com\/-lqNfavYUS18\/WXIbwGvCetI\/AAAAAAAACT8\/QuY7EMo4lYAUjHEeI-Su-KB33k40U5A_wCLcBGAs\/s400\/IMG_8392.JPG\" width=\"400\" \/><\/a><\/div>\n<p><\/p>\n","protected":false},"excerpt":{"rendered":"<p>Tout a commenc\u00e9 par une soir\u00e9e calme, avec un joli coucher de soleil sur les montagnes, &#8230; Cassiop\u00e9e stationn\u00e9e devant la splendide abbaye de Stams, \u00e0 environ 35 km \u00e0 l&#8217;ouest d&#8217;Innsbruck. Ce matin, nous avons pu admirer ses deux superbes clochers bulbeux!&nbsp; C&#8217;est un monument qui a bien s\u00fbr une histoire tr\u00e8s charg\u00e9e. Ce fut tout d&#8217;abord une abbaye cistercienne (tr\u00e8s puissante qui poss\u00e9dait une grande partie des terres de la r\u00e9gion) fond\u00e9e au 13\u00b0si\u00e8cle par le comte Meinhard II et sa femme Elisabeth de Bavi\u00e8re en m\u00e9moire de leur fils Conradin, ultime descendant des Hohenstauffen.&nbsp; (Comment \u00e7a, vous n&#8217;\u00eates pas au point sur &nbsp;l&#8217;histoire de l&#8217;Autriche?! \ud83d\ude0f )&nbsp; On vous la fait courte, elle a ensuite \u00e9t\u00e9 pill\u00e9e lors d&#8217;une r\u00e9volte de paysans en 1525, puis mise \u00e0 sac par les protestants en 1552 et victime d&#8217;un incendie en 1593. (Vous suivez? Ha ha! Tant mieux parce que ce n&#8217;est pas termin\u00e9!) Elle a ensuite \u00e9t\u00e9 reconstruite \u00e0 la fin du 17\u00b0si\u00e8cle, puis totalement &#8220;baroquis\u00e9e&#8221; au 18\u00b0si\u00e8cle, ferm\u00e9e par l&#8217;occupant bavarois en 1807 puis par les nazis pendant la seconde guerre mondiale. Ouf, finalement, elle a \u00e9t\u00e9 restaur\u00e9e entre 1974 et 1984 et, au passage, elle est toujours habit\u00e9e par une vingtaine de moines! On entre tout d&#8217;abord en passant par la grille des roses, (pas facile \u00e0 prendre en photo sans flash), un chef-d&#8217;oeuvre de la ferronnerie tyrolienne. Chaque rose a demand\u00e9 120 heures de travail et la grille enti\u00e8re presque 6 ans&#8230; Puis le passage par la grande nef, o\u00f9 nous avons pu admirer un vrai d\u00e9cor baroque : statues recouvertes d&#8217;or, stucs, fresques&#8230; Les fresques du plafond sont de Georg Wolker, les couleurs sont d&#8217;origine et cette partie de l&#8217;abbaye n&#8217;est jamais chauff\u00e9e afin de les pr\u00e9server. (Ce qui veut dire qu&#8217;en hiver, les moines chantent plusieurs fois par jour dans une autre chapelle, chauff\u00e9e, parce que celle-ci est trop froide.) La chaire, recouverte de feuilles d&#8217;or \u00e9galement, Et puis le choeur, o\u00f9 chantent les moines en \u00e9t\u00e9 et o\u00f9 nous d\u00e9couvrons la fameuse histoire de &#8220;clapet&#8221;!&nbsp; On connait tous cette expression : &#8220;L&#8217;utilisation argotique de l&#8217;expression pour signifier la bouche vient du sens premier et litt\u00e9ral de la formule bo\u00eete \u00e0 clapet qui d\u00e9finissait en m\u00e9canique, notamment ferroviaire, le petit lieu dans lequel \u00e9tait situ\u00e9e la petite soupape permettant de laisser passer fluide ou vapeur dans le syst\u00e8me. Ce n&#8217;est qu&#8217;au d\u00e9but du XXe si\u00e8cle que l&#8217;expression est entr\u00e9e dans le langage populaire pour \u00e9voquer la bouche&#8221; (dixit le dictionnaire),&nbsp;mais les autrichiens ont une explication toute particuli\u00e8re \u00e0 l&#8217;origine de cette expression! Le clapet est ici le si\u00e8ge sur lequel les moines sont assis et qui doit \u00eatre relev\u00e9 \u00e0 chaque chant, parce que les moines ont l&#8217;obligation de chanter debout. L&#8217;histoire raconte qu&#8217;un jour, un moine a commenc\u00e9 \u00e0 s&#8217;endormir en chantant, il a l\u00e9g\u00e8rement gliss\u00e9, le clapet est retomb\u00e9 (ce qui a fait un grand bruit) et tous les autres se sont tourn\u00e9s vers lui en disant &#8221; ferme ton clapet&#8221; (et reste debout!) Ha ha ha! \ud83d\ude07 La visite continue avec la Salle des Princes, r\u00e9alis\u00e9e en 1720. On y voit de nombreuses fresques et une jolie galerie qui s&#8217;ouvre au milieu du plafond. C&#8217;est l\u00e0 que jouaient les musiciens lors des r\u00e9ceptions, les murs \u00e9tant l\u00e9g\u00e8rement inclin\u00e9s pour faire descendre le son. Ainsi, ils ne prenaient pas de place dans la salle en bas et n&#8217;entendaient pas les conversations des moines et des princes invit\u00e9s&#8230; Les moines sont bien s\u00fbr les gardiens de ces pr\u00e9cieux tr\u00e9sors mais ils g\u00e8rent \u00e9galement un lyc\u00e9e et son internat, ainsi qu&#8217;une &#8220;petite&#8221; \u00e9glise, le tout constituant un joli ensemble, sur un tr\u00e8s beau d\u00e9cor de montagnes. A tr\u00e8s vite! Les trois Zzous!<\/p>\n","protected":false},"author":1,"featured_media":0,"comment_status":"open","ping_status":"open","sticky":false,"template":"","format":"standard","meta":{"footnotes":""},"categories":[66,29,30],"tags":[],"class_list":["post-381","post","type-post","status-publish","format-standard","hentry","category-autriche","category-camping-car","category-cassiopee"],"acf":[],"_links":{"self":[{"href":"https:\/\/confidencesetoilees.fr\/index.php\/wp-json\/wp\/v2\/posts\/381"}],"collection":[{"href":"https:\/\/confidencesetoilees.fr\/index.php\/wp-json\/wp\/v2\/posts"}],"about":[{"href":"https:\/\/confidencesetoilees.fr\/index.php\/wp-json\/wp\/v2\/types\/post"}],"author":[{"embeddable":true,"href":"https:\/\/confidencesetoilees.fr\/index.php\/wp-json\/wp\/v2\/users\/1"}],"replies":[{"embeddable":true,"href":"https:\/\/confidencesetoilees.fr\/index.php\/wp-json\/wp\/v2\/comments?post=381"}],"version-history":[{"count":0,"href":"https:\/\/confidencesetoilees.fr\/index.php\/wp-json\/wp\/v2\/posts\/381\/revisions"}],"wp:attachment":[{"href":"https:\/\/confidencesetoilees.fr\/index.php\/wp-json\/wp\/v2\/media?parent=381"}],"wp:term":[{"taxonomy":"category","embeddable":true,"href":"https:\/\/confidencesetoilees.fr\/index.php\/wp-json\/wp\/v2\/categories?post=381"},{"taxonomy":"post_tag","embeddable":true,"href":"https:\/\/confidencesetoilees.fr\/index.php\/wp-json\/wp\/v2\/tags?post=381"}],"curies":[{"name":"wp","href":"https:\/\/api.w.org\/{rel}","templated":true}]}}