{"id":708,"date":"2011-06-02T21:49:00","date_gmt":"2011-06-02T19:49:00","guid":{"rendered":"https:\/\/confidencesetoilees.fr\/index.php\/2011\/06\/02\/vieille-ville-et-quartier-juif\/"},"modified":"2011-06-02T21:49:00","modified_gmt":"2011-06-02T19:49:00","slug":"vieille-ville-et-quartier-juif","status":"publish","type":"post","link":"https:\/\/confidencesetoilees.fr\/index.php\/2011\/06\/02\/vieille-ville-et-quartier-juif\/","title":{"rendered":"Vieille ville et quartier Juif&#8230;"},"content":{"rendered":"<p>L&#8217;adresse que nous avons trouv\u00e9 pour notre h\u00e9bergement est \u00e0 retenir&#8230; De l&#8217;ext\u00e9rieur le b\u00e2timent est un peu &#8220;glauque&#8221;, l&#8217;int\u00e9rieur est un peu vieux, mais les chambres sont propres, spacieuses et l&#8217;endroit est tr\u00e8s calme&#8230; Nous qui avions peur de tomber dans une auberge pleine de jeunes f\u00eatards venus de toute l&#8217;Europe pour faire la f\u00eate \u00e0 Prague en ce long week end, nous voil\u00e0 surpris et ravis!<br \/>\n<a name='more'><\/a><\/p>\n<p>Ce n&#8217;est pas r\u00e9ellement une auberge, il s&#8217;agit en fait de quelqu&#8217;un qui a modifi\u00e9 quelques appartements pour les transformer en &#8220;minis h\u00f4tels&#8221;, 3 chambres, une salle de bain partag\u00e9e et un petit coin dans le hall avec un frigo et le n\u00e9cessaire pour faire chauffer un peu d&#8217;eau pour une boisson ou un brin de cuisine.Impeccable!<\/p>\n<p>Ce matin, apr\u00e8s un petit d\u00e8j copieux (nous avons \u00e9t\u00e9 surpris d&#8217;apprendre quel est le &#8220;french breakfast&#8221;), nous voil\u00e0 partis en direction de la place centrale de Prague, Statom\u0113stsk\u00e9 n\u00e1m\u0113sti, une quinzaine de minutes \u00e0 pied. <\/p>\n<p><center><br \/>\n<a href=\"https:\/\/picasaweb.google.com\/112511528833582729816\/BlogpressIpad202#5613727210296006994\"><img fetchpriority=\"high\" decoding=\"async\" border=\"0\" height=\"210\" src=\"https:\/\/lh6.ggpht.com\/-XTSiY-RwHx4\/Tef3J6ujWVI\/AAAAAAAAAgQ\/6YQjeGTA--0\/s288\/2.jpg\" style=\"margin: 5px;\" width=\"281\" \/><\/a><\/center><\/p>\n<p>Au milieu de grands b\u00e2timents et des tramways, nous d\u00e9couvrons la Maison Municipale, magnifique lieu o\u00f9 sont organis\u00e9s de nombreux concerts&#8230; Et juste en face, le Divadlo Hybernia, un th\u00e9\u00e2tre o\u00f9 se joue en ce moment&#8230; Le lac des cygnes!! On a craqu\u00e9&#8230; Deux places pour demain soir!!!<\/p>\n<p><a href=\"https:\/\/picasaweb.google.com\/112511528833582729816\/BlogpressIpad202#5613727218054180738\"><img decoding=\"async\" align=\"left\" border=\"0\" height=\"187\" src=\"https:\/\/lh4.ggpht.com\/-gtJgNCHI1sQ\/Tef3KXoPr4I\/AAAAAAAAAgU\/ygaTPH1UxHE\/s288\/3.jpg\" style=\"margin: 5px;\" width=\"250\" \/><\/a><\/p>\n<p>\n<center><br \/>\n<a href=\"https:\/\/picasaweb.google.com\/112511528833582729816\/BlogpressIpad202#5613727226287090914\"><img decoding=\"async\" border=\"0\" height=\"281\" src=\"https:\/\/lh6.ggpht.com\/-WrH_cTfdqTw\/Tef3K2TH7OI\/AAAAAAAAAgY\/Sf_BWQHhLfQ\/s288\/4.jpg\" style=\"margin: 5px;\" width=\"210\" \/><\/a><\/center><\/p>\n<p>Nous voil\u00e0 sur la fameuse place&#8230;<\/p>\n<p><a href=\"https:\/\/picasaweb.google.com\/112511528833582729816\/BlogpressIpad202#5613727233787674626\"><img loading=\"lazy\" decoding=\"async\" align=\"left\" border=\"0\" height=\"187\" src=\"https:\/\/lh6.ggpht.com\/-IbIuH9fVovc\/Tef3LSPZwAI\/AAAAAAAAAgc\/OuKh9Obq9b8\/s288\/5.jpg\" style=\"margin: 5px;\" width=\"250\" \/><\/a><\/p>\n<p>\n<a href=\"https:\/\/picasaweb.google.com\/112511528833582729816\/BlogpressIpad202#5613727239080465906\"><img loading=\"lazy\" decoding=\"async\" align=\"right\" border=\"0\" height=\"187\" src=\"https:\/\/lh5.ggpht.com\/-icptcUfSlIM\/Tef3Ll9TVfI\/AAAAAAAAAgg\/ALsTJ_7A6h0\/s288\/6.jpg\" style=\"margin: 5px;\" width=\"250\" \/><\/a><\/p>\n<p>\nNous sommes mont\u00e9s au sommet de la tour de l&#8217;horloge astronomique pour avoir une vue panoramique de la vieille ville, d&#8217;o\u00f9 nous avons d\u00e9couvert ce que nous imaginions d&#8217;une capitale de pays de l&#8217;est : un tapis de toits rouges et quelques parties vertes en cuivre&#8230; Splendide! C&#8217;est aussi l&#8217;occasion de photographier les monuments grandioses avec un peu de recul&#8230;<\/p>\n<p><a href=\"https:\/\/picasaweb.google.com\/112511528833582729816\/BlogpressIpad202#5613727248259061858\"><img loading=\"lazy\" decoding=\"async\" align=\"left\" border=\"0\" height=\"187\" src=\"https:\/\/lh5.ggpht.com\/-XiYRMetB0AY\/Tef3MIJpmGI\/AAAAAAAAAgk\/ny6jpulP_Ig\/s288\/7.jpg\" style=\"margin: 5px;\" width=\"250\" \/><\/a><\/p>\n<p>\n<a href=\"https:\/\/picasaweb.google.com\/112511528833582729816\/BlogpressIpad202#5613727255205270578\"><img loading=\"lazy\" decoding=\"async\" align=\"right\" border=\"0\" height=\"187\" src=\"https:\/\/lh6.ggpht.com\/-RoovP-u8AHY\/Tef3MiBwVDI\/AAAAAAAAAgo\/IYHoDo5BtL8\/s288\/9.jpg\" style=\"margin: 5px;\" width=\"250\" \/><\/a><\/p>\n<p><center><br \/>\n<a href=\"https:\/\/picasaweb.google.com\/112511528833582729816\/BlogpressIpad202#5613727267542974338\"><img loading=\"lazy\" decoding=\"async\" border=\"0\" height=\"210\" src=\"https:\/\/lh6.ggpht.com\/-MLHXW_9VAPA\/Tef3NP_Sv4I\/AAAAAAAAAgs\/MVRV_pmlO0Y\/s288\/10.jpg\" style=\"margin: 5px;\" width=\"281\" \/><\/a><\/center><\/p>\n<p><a href=\"https:\/\/picasaweb.google.com\/112511528833582729816\/BlogpressIpad202#5613727274042155058\"><img loading=\"lazy\" decoding=\"async\" align=\"left\" border=\"0\" height=\"281\" src=\"https:\/\/lh6.ggpht.com\/-6hu2FT4CsIY\/Tef3NoM0YDI\/AAAAAAAAAgw\/-bTkkUHvW8M\/s288\/14.jpg\" style=\"margin: 5px;\" width=\"210\" \/><\/a><\/p>\n<p>\n<a href=\"https:\/\/picasaweb.google.com\/112511528833582729816\/BlogpressIpad202#5613727283233863650\"><img loading=\"lazy\" decoding=\"async\" align=\"right\" border=\"0\" height=\"281\" src=\"https:\/\/lh6.ggpht.com\/-S6eUDeBuxPo\/Tef3OKcSt-I\/AAAAAAAAAg0\/_O_hX3-rPjU\/s288\/15.jpg\" style=\"margin: 5px;\" width=\"210\" \/><\/a><\/p>\n<p>\nQuelques mots sur l&#8217; horloge astronomique : elle indique l&#8217;heure, le jour, le mois, la temp\u00e9rature mais ce n&#8217;est pas tout, elle suis \u00e9galement le mouvement de la terre et de la lune! Et dire que cette horloge date du XV\u00b0&#8230;<\/p>\n<p>En agrandissant la photo, vous pourrez observer plus pr\u00e9cis\u00e9ment les personnages de chaque cot\u00e9, le plus \u00e0 gauche le vaniteux qui se regarde dans un miroir, \u00e0 cot\u00e9 la cupidit\u00e9 (notez la bourse!). A droite la mort et encore plus \u00e0 droite un turc (qui symbolise la peur car les turcs ont longtemps \u00e9t\u00e9 redout\u00e9s comme envahisseurs ici, m\u00eame s&#8217;ils n&#8217;ont jamais rien envahis..)<\/p>\n<p>\n<center><br \/>\n<a href=\"https:\/\/picasaweb.google.com\/112511528833582729816\/BlogpressIpad202#5613727314643723682\"><img loading=\"lazy\" decoding=\"async\" border=\"0\" height=\"210\" src=\"https:\/\/lh6.ggpht.com\/-z8RBpC_5g5A\/Tef3P_c_JaI\/AAAAAAAAAg4\/IZRerA2aWv0\/s288\/16.jpg\" style=\"margin: 5px;\" width=\"281\" \/><\/a><\/center><\/p>\n<p>Il y a un deuxi\u00e8me cadran en dessous pour l&#8217;affichage de la date<\/p>\n<p>\n<center><br \/>\n<a href=\"https:\/\/picasaweb.google.com\/112511528833582729816\/BlogpressIpad202#5613727325786123074\"><img loading=\"lazy\" decoding=\"async\" border=\"0\" height=\"281\" src=\"https:\/\/lh4.ggpht.com\/-O5sW-yKDFt8\/Tef3Qo9iq0I\/AAAAAAAAAg8\/x1jNDBPQvrw\/s288\/17.jpg\" style=\"margin: 5px;\" width=\"210\" \/><\/a><\/center><\/p>\n<p>Autre chose sur cette horloge, elle se met en mouvement \u00e0 chaque heure&#8230;mais nous ne l&#8217;avons pas encore observ\u00e9! Demain inchallah!<\/p>\n<p>Ensuite, histoire de plomber un peu plus le budget, repas au Hard Rock Caf\u00e9, une premi\u00e8re pour tous les deux! Je ne connaissais cet endroit que de r\u00e9putation et La\u00ebtitia seulement de nom, et c&#8217;est vraiment un endroit magique&#8230; En tout cas pour ceux qui aiment le rock et ses c\u00e9l\u00e9brit\u00e9s&#8230; Un v\u00e9ritable petit mus\u00e9e&#8230; Nous avons mang\u00e9 avec la guitare du groupe Seether&#8230;<\/p>\n<p><a href=\"https:\/\/picasaweb.google.com\/112511528833582729816\/BlogpressIpad202#5613727331608259170\"><img loading=\"lazy\" decoding=\"async\" align=\"left\" border=\"0\" height=\"187\" src=\"https:\/\/lh4.ggpht.com\/-6BulicZSHmI\/Tef3Q-ppamI\/AAAAAAAAAhA\/H4lblCdoduM\/s288\/18.jpg\" style=\"margin: 5px;\" width=\"250\" \/><\/a><\/p>\n<p>\n<a href=\"https:\/\/picasaweb.google.com\/112511528833582729816\/BlogpressIpad202#5613727340194977586\"><img loading=\"lazy\" decoding=\"async\" align=\"right\" border=\"0\" height=\"187\" src=\"https:\/\/lh5.ggpht.com\/-onKDNyAnMv8\/Tef3Reo4VzI\/AAAAAAAAAhE\/oQfIO3KYoLE\/s288\/23.jpg\" style=\"margin: 5px;\" width=\"250\" \/><\/a><\/p>\n<p>Cet apr\u00e8s midi, nous avons fait un tour dans le quartier Juif o\u00f9 il y a plusieurs synagogues, pour la plupart transform\u00e9es en mus\u00e9es, superbes (mais sans photos&#8230;).<br \/>\nNous avons visit\u00e9 le cimeti\u00e8re Juif, le plus ancien d&#8217;Europe, il a \u00e9t\u00e9 fond\u00e9 au d\u00e9but du XVeme si\u00e8cle et ferm\u00e9 en 1787 sur ordre de Joseph II qui ne voulait plus qu&#8217;on enterre les morts dans les quartiers d&#8217;habitation.<\/p>\n<p>\n<center><br \/>\n<a href=\"https:\/\/picasaweb.google.com\/112511528833582729816\/BlogpressIpad202#5613727350726772738\"><img loading=\"lazy\" decoding=\"async\" border=\"0\" height=\"210\" src=\"https:\/\/lh6.ggpht.com\/-KaEvxtai23k\/Tef3SF32yAI\/AAAAAAAAAhI\/yKVh2AzUs-4\/s288\/20.jpg\" style=\"margin: 5px;\" width=\"281\" \/><\/a><\/center><\/p>\n<p>Les petits cailloux que l&#8217;on peut voir sur cette s\u00e9pulture, c&#8217;est une tradition qui vient des r\u00e9gions d\u00e9sertiques, o\u00f9 l&#8217;on d\u00e9posait des pierres pour accompagner les pri\u00e8res, faute de pouvoir d\u00e9poser des fleurs.<\/p>\n<p>\n<center><br \/>\n<a href=\"https:\/\/picasaweb.google.com\/112511528833582729816\/BlogpressIpad202#5613727361367620546\"><img loading=\"lazy\" decoding=\"async\" border=\"0\" height=\"210\" src=\"https:\/\/lh3.ggpht.com\/-B1SklxWhqxo\/Tef3Stg1O8I\/AAAAAAAAAhM\/Vbs2O7kc8sk\/s288\/21.jpg\" style=\"margin: 5px;\" width=\"281\" \/><\/a><\/center><\/p>\n<p>\n<center><br \/>\n<a href=\"https:\/\/picasaweb.google.com\/112511528833582729816\/BlogpressIpad202#5613727366962776114\"><img loading=\"lazy\" decoding=\"async\" border=\"0\" height=\"281\" src=\"https:\/\/lh4.ggpht.com\/-K_KF-nBpWnM\/Tef3TCW0iDI\/AAAAAAAAAhQ\/-M3Ie3B1Jec\/s288\/22.jpg\" style=\"margin: 5px;\" width=\"210\" \/><\/a><\/center><\/p>\n<p>Il ne faut pas oublier qu&#8217;\u00e0 Prague, plus de 80000 juifs ont \u00e9t\u00e9 d\u00e9port\u00e9s lors de la deuxi\u00e8me guerre mondiale, seulement 10000 en sont revenus&#8230;L&#8217;ambiance dans les diff\u00e9rents mus\u00e9es est donc au recueillement.<\/p>\n<p>Pour finir l&#8217;apr\u00e8s midi nous avons fait une petite ballade dans les ruelles touristiques et moins touristiques&#8230;<\/p>\n<p><center><br \/>\n<a href=\"https:\/\/picasaweb.google.com\/112511528833582729816\/BlogpressIpad202#5613727372768140450\"><img loading=\"lazy\" decoding=\"async\" border=\"0\" height=\"158\" src=\"https:\/\/lh4.ggpht.com\/-NxypIAwyjXc\/Tef3TX-7XKI\/AAAAAAAAAhU\/WnNXWcAq1AQ\/s288\/24.jpg\" style=\"margin: 5px;\" width=\"281\" \/><\/a><\/center><\/p>\n<p>\n<center><br \/>\n<a href=\"https:\/\/picasaweb.google.com\/112511528833582729816\/BlogpressIpad202#5613727379141517906\"><img loading=\"lazy\" decoding=\"async\" border=\"0\" height=\"158\" src=\"https:\/\/lh3.ggpht.com\/-bLvDiLfS38Q\/Tef3TvudYlI\/AAAAAAAAAhY\/xXMJVdB6iKM\/s288\/25.jpg\" style=\"margin: 5px;\" width=\"281\" \/><\/a><\/center><\/p>\n<p>\n<center><br \/>\n<a href=\"https:\/\/picasaweb.google.com\/112511528833582729816\/BlogpressIpad202#5613727387247632242\"><img loading=\"lazy\" decoding=\"async\" border=\"0\" height=\"281\" src=\"https:\/\/lh6.ggpht.com\/-zF8b21mIyOM\/Tef3UN7G33I\/AAAAAAAAAhc\/Ti5BV3yTeyw\/s288\/26.jpg\" style=\"margin: 5px;\" width=\"210\" \/><\/a><\/center><\/p>\n<p>\n<center><br \/>\n<a href=\"https:\/\/picasaweb.google.com\/112511528833582729816\/BlogpressIpad202#5613727399673569122\"><img loading=\"lazy\" decoding=\"async\" border=\"0\" height=\"210\" src=\"https:\/\/lh6.ggpht.com\/-1c2VVc9XOuM\/Tef3U8Nrn2I\/AAAAAAAAAhg\/CgCMNRfdIUc\/s288\/27.jpg\" style=\"margin: 5px;\" width=\"281\" \/><\/a><\/center><\/p>\n<p>et nous voil\u00e0 dans une cour, \u00e0 la terrasse d&#8217;un caf\u00e9 o\u00f9 des musiciens sont en train de s&#8217;installer. Il parait que la bi\u00e8re est tr\u00e8s bonne ici, on va go\u00fbter \u00e7a!<\/p>\n<p><center><br \/>\n<a href=\"https:\/\/picasaweb.google.com\/112511528833582729816\/BlogpressIpad202#5613727410772701202\"><img loading=\"lazy\" decoding=\"async\" border=\"0\" height=\"210\" src=\"https:\/\/lh4.ggpht.com\/-_-wOFBtnR-A\/Tef3Vlj68BI\/AAAAAAAAAhk\/CM9JsOt00HY\/s288\/28.jpg\" style=\"margin: 5px;\" width=\"281\" \/><\/a><\/center><\/p>\n<p>Bonne soir\u00e9e \u00e0 tous<\/p>\n<p>La\u00ebtitia et Romain<\/p>\n","protected":false},"excerpt":{"rendered":"<p>L&#8217;adresse que nous avons trouv\u00e9 pour notre h\u00e9bergement est \u00e0 retenir&#8230; De l&#8217;ext\u00e9rieur le b\u00e2timent est un peu &#8220;glauque&#8221;, l&#8217;int\u00e9rieur est un peu vieux, mais les chambres sont propres, spacieuses et l&#8217;endroit est tr\u00e8s calme&#8230; Nous qui avions peur de tomber dans une auberge pleine de jeunes f\u00eatards venus de toute l&#8217;Europe pour faire la f\u00eate \u00e0 Prague en ce long week end, nous voil\u00e0 surpris et ravis! Ce n&#8217;est pas r\u00e9ellement une auberge, il s&#8217;agit en fait de quelqu&#8217;un qui a modifi\u00e9 quelques appartements pour les transformer en &#8220;minis h\u00f4tels&#8221;, 3 chambres, une salle de bain partag\u00e9e et un petit coin dans le hall avec un frigo et le n\u00e9cessaire pour faire chauffer un peu d&#8217;eau pour une boisson ou un brin de cuisine.Impeccable! Ce matin, apr\u00e8s un petit d\u00e8j copieux (nous avons \u00e9t\u00e9 surpris d&#8217;apprendre quel est le &#8220;french breakfast&#8221;), nous voil\u00e0 partis en direction de la place centrale de Prague, Statom\u0113stsk\u00e9 n\u00e1m\u0113sti, une quinzaine de minutes \u00e0 pied. Au milieu de grands b\u00e2timents et des tramways, nous d\u00e9couvrons la Maison Municipale, magnifique lieu o\u00f9 sont organis\u00e9s de nombreux concerts&#8230; Et juste en face, le Divadlo Hybernia, un th\u00e9\u00e2tre o\u00f9 se joue en ce moment&#8230; Le lac des cygnes!! On a craqu\u00e9&#8230; Deux places pour demain soir!!! Nous voil\u00e0 sur la fameuse place&#8230; Nous sommes mont\u00e9s au sommet de la tour de l&#8217;horloge astronomique pour avoir une vue panoramique de la vieille ville, d&#8217;o\u00f9 nous avons d\u00e9couvert ce que nous imaginions d&#8217;une capitale de pays de l&#8217;est : un tapis de toits rouges et quelques parties vertes en cuivre&#8230; Splendide! C&#8217;est aussi l&#8217;occasion de photographier les monuments grandioses avec un peu de recul&#8230; Quelques mots sur l&#8217; horloge astronomique : elle indique l&#8217;heure, le jour, le mois, la temp\u00e9rature mais ce n&#8217;est pas tout, elle suis \u00e9galement le mouvement de la terre et de la lune! Et dire que cette horloge date du XV\u00b0&#8230; En agrandissant la photo, vous pourrez observer plus pr\u00e9cis\u00e9ment les personnages de chaque cot\u00e9, le plus \u00e0 gauche le vaniteux qui se regarde dans un miroir, \u00e0 cot\u00e9 la cupidit\u00e9 (notez la bourse!). A droite la mort et encore plus \u00e0 droite un turc (qui symbolise la peur car les turcs ont longtemps \u00e9t\u00e9 redout\u00e9s comme envahisseurs ici, m\u00eame s&#8217;ils n&#8217;ont jamais rien envahis..) Il y a un deuxi\u00e8me cadran en dessous pour l&#8217;affichage de la date Autre chose sur cette horloge, elle se met en mouvement \u00e0 chaque heure&#8230;mais nous ne l&#8217;avons pas encore observ\u00e9! Demain inchallah! Ensuite, histoire de plomber un peu plus le budget, repas au Hard Rock Caf\u00e9, une premi\u00e8re pour tous les deux! Je ne connaissais cet endroit que de r\u00e9putation et La\u00ebtitia seulement de nom, et c&#8217;est vraiment un endroit magique&#8230; En tout cas pour ceux qui aiment le rock et ses c\u00e9l\u00e9brit\u00e9s&#8230; Un v\u00e9ritable petit mus\u00e9e&#8230; Nous avons mang\u00e9 avec la guitare du groupe Seether&#8230; Cet apr\u00e8s midi, nous avons fait un tour dans le quartier Juif o\u00f9 il y a plusieurs synagogues, pour la plupart transform\u00e9es en mus\u00e9es, superbes (mais sans photos&#8230;). Nous avons visit\u00e9 le cimeti\u00e8re Juif, le plus ancien d&#8217;Europe, il a \u00e9t\u00e9 fond\u00e9 au d\u00e9but du XVeme si\u00e8cle et ferm\u00e9 en 1787 sur ordre de Joseph II qui ne voulait plus qu&#8217;on enterre les morts dans les quartiers d&#8217;habitation. Les petits cailloux que l&#8217;on peut voir sur cette s\u00e9pulture, c&#8217;est une tradition qui vient des r\u00e9gions d\u00e9sertiques, o\u00f9 l&#8217;on d\u00e9posait des pierres pour accompagner les pri\u00e8res, faute de pouvoir d\u00e9poser des fleurs. Il ne faut pas oublier qu&#8217;\u00e0 Prague, plus de 80000 juifs ont \u00e9t\u00e9 d\u00e9port\u00e9s lors de la deuxi\u00e8me guerre mondiale, seulement 10000 en sont revenus&#8230;L&#8217;ambiance dans les diff\u00e9rents mus\u00e9es est donc au recueillement. Pour finir l&#8217;apr\u00e8s midi nous avons fait une petite ballade dans les ruelles touristiques et moins touristiques&#8230; et nous voil\u00e0 dans une cour, \u00e0 la terrasse d&#8217;un caf\u00e9 o\u00f9 des musiciens sont en train de s&#8217;installer. Il parait que la bi\u00e8re est tr\u00e8s bonne ici, on va go\u00fbter \u00e7a! Bonne soir\u00e9e \u00e0 tous La\u00ebtitia et Romain<\/p>\n","protected":false},"author":1,"featured_media":0,"comment_status":"open","ping_status":"open","sticky":false,"template":"","format":"standard","meta":{"footnotes":""},"categories":[27,92],"tags":[],"class_list":["post-708","post","type-post","status-publish","format-standard","hentry","category-europe","category-prague"],"acf":[],"_links":{"self":[{"href":"https:\/\/confidencesetoilees.fr\/index.php\/wp-json\/wp\/v2\/posts\/708"}],"collection":[{"href":"https:\/\/confidencesetoilees.fr\/index.php\/wp-json\/wp\/v2\/posts"}],"about":[{"href":"https:\/\/confidencesetoilees.fr\/index.php\/wp-json\/wp\/v2\/types\/post"}],"author":[{"embeddable":true,"href":"https:\/\/confidencesetoilees.fr\/index.php\/wp-json\/wp\/v2\/users\/1"}],"replies":[{"embeddable":true,"href":"https:\/\/confidencesetoilees.fr\/index.php\/wp-json\/wp\/v2\/comments?post=708"}],"version-history":[{"count":0,"href":"https:\/\/confidencesetoilees.fr\/index.php\/wp-json\/wp\/v2\/posts\/708\/revisions"}],"wp:attachment":[{"href":"https:\/\/confidencesetoilees.fr\/index.php\/wp-json\/wp\/v2\/media?parent=708"}],"wp:term":[{"taxonomy":"category","embeddable":true,"href":"https:\/\/confidencesetoilees.fr\/index.php\/wp-json\/wp\/v2\/categories?post=708"},{"taxonomy":"post_tag","embeddable":true,"href":"https:\/\/confidencesetoilees.fr\/index.php\/wp-json\/wp\/v2\/tags?post=708"}],"curies":[{"name":"wp","href":"https:\/\/api.w.org\/{rel}","templated":true}]}}