{"id":722,"date":"2011-04-26T17:11:00","date_gmt":"2011-04-26T15:11:00","guid":{"rendered":"https:\/\/confidencesetoilees.fr\/index.php\/2011\/04\/26\/sainte-sophie\/"},"modified":"2011-04-26T17:11:00","modified_gmt":"2011-04-26T15:11:00","slug":"sainte-sophie","status":"publish","type":"post","link":"https:\/\/confidencesetoilees.fr\/index.php\/2011\/04\/26\/sainte-sophie\/","title":{"rendered":"Sainte Sophie&#8230;."},"content":{"rendered":"<p><center><br \/>\n<a href=\"https:\/\/picasaweb.google.com\/112511528833582729816\/BlogpressIpad202#5599925368066194210\"><img fetchpriority=\"high\" decoding=\"async\" border=\"0\" height=\"210\" src=\"https:\/\/lh6.ggpht.com\/_MwXVXlUNhEU\/Tbbuc9xIuyI\/AAAAAAAAAZA\/JWVjFGuMCrs\/s288\/1.jpg\" style=\"margin: 5px;\" width=\"281\" \/><\/a><\/center><\/p>\n<p>La question du jour, pourquoi une mosqu\u00e9e porte un nom pareil??<br \/>\n<a name='more'><\/a><\/p>\n<p>Bah, tout simplement parce que avant d&#8217;\u00eatre une mosqu\u00e9e c&#8217;\u00e9tait une basilique!<\/p>\n<p>En tout cas, basilique ou mosqu\u00e9e, \u00e7a ne change rien \u00e0 sa beaut\u00e9&#8230; Elle est impressionnante int\u00e9rieurement comme ext\u00e9rieurement&#8230; Il y a du marbre partout, et la coupole refaite il y a peu de temps impressionne par sa taille et ses d\u00e9corations&#8230;  <\/p>\n<p>\n<center><br \/>\n<a href=\"https:\/\/picasaweb.google.com\/112511528833582729816\/BlogpressIpad202#5599925396178559410\"><img decoding=\"async\" border=\"0\" height=\"210\" src=\"https:\/\/lh6.ggpht.com\/_MwXVXlUNhEU\/TbbuemfpYbI\/AAAAAAAAAZE\/0JCqKvigSh0\/s288\/2.jpg\" style=\"margin: 5px;\" width=\"281\" \/><\/a><\/center><\/p>\n<p>Il faut savoir que cette coupole est tomb\u00e9e plusieurs fois suite aux diff\u00e9rents s\u00e9ismes qui ont \u00e9branl\u00e9 Istanbul au fil des si\u00e8cles, elle est m\u00eame plus petite qu&#8217;\u00e0 l&#8217;origine car Isidore le jeune, charg\u00e9 de sa reconstruction, a d\u00e9cid\u00e9 de la r\u00e9duire compte tenu de la fragilit\u00e9 des \u00e9l\u00e9ments porteurs.<\/p>\n<p>\n<center><br \/>\n<a href=\"https:\/\/picasaweb.google.com\/112511528833582729816\/BlogpressIpad202#5599925434290811730\"><img decoding=\"async\" border=\"0\" height=\"281\" src=\"https:\/\/lh6.ggpht.com\/_MwXVXlUNhEU\/Tbbug0eUM1I\/AAAAAAAAAZI\/5p807oPveJY\/s288\/3.jpg\" style=\"margin: 5px;\" width=\"210\" \/><\/a><\/center><\/p>\n<p>Cet \u00e9difice a d&#8217;ailleurs \u00e9t\u00e9 reconstruit compl\u00e8tement entre les ann\u00e9es 300 et 550 suite \u00e0 2 incendies qui l&#8217;on compl\u00e8tement d\u00e9truit&#8230;. <\/p>\n<p>Ce n&#8217;est qu&#8217;en 1453 que le sultan Mehmet II Fatih donna l&#8217;ordre de transformer la basilique en mosqu\u00e9e, et en 1935 c&#8217;est le premier pr\u00e9sident Turque Mustafa Kemal Atat\u00fcrk qui la transforme en mus\u00e9e.<\/p>\n<p>\n<center><br \/>\n<a href=\"https:\/\/picasaweb.google.com\/112511528833582729816\/BlogpressIpad202#5599925457609672146\"><img loading=\"lazy\" decoding=\"async\" border=\"0\" height=\"210\" src=\"https:\/\/lh4.ggpht.com\/_MwXVXlUNhEU\/TbbuiLV9xdI\/AAAAAAAAAZM\/SG1JW2HUAwA\/s288\/4.jpg\" style=\"margin: 5px;\" width=\"281\" \/><\/a><\/center><\/p>\n<p><center><br \/>\n<a href=\"https:\/\/picasaweb.google.com\/112511528833582729816\/BlogpressIpad202#5599925487570108226\"><img loading=\"lazy\" decoding=\"async\" border=\"0\" height=\"281\" src=\"https:\/\/lh3.ggpht.com\/_MwXVXlUNhEU\/Tbbuj69Fv0I\/AAAAAAAAAZQ\/WpQYdO-Cw38\/s288\/5.jpg\" style=\"margin: 5px;\" width=\"210\" \/><\/a><\/center><\/p>\n<p><center><br \/>\n<a href=\"https:\/\/picasaweb.google.com\/112511528833582729816\/BlogpressIpad202#5599925518810210002\"><img loading=\"lazy\" decoding=\"async\" border=\"0\" height=\"210\" src=\"https:\/\/lh4.ggpht.com\/_MwXVXlUNhEU\/TbbulvVT3tI\/AAAAAAAAAZU\/0FcXOX32msQ\/s288\/6.jpg\" style=\"margin: 5px;\" width=\"281\" \/><\/a><\/center><\/p>\n<p>Nous sommes ensuite pass\u00e9s \u00e0 la citerne-basilique byzantine de Yerebatan, cette &#8220;basilique&#8221; en sous sol permettait d&#8217;alimenter en eau tous les palais imp\u00e9riaux de la ville. Elle mesure 65m de large et 143m de long, son plafond est soutenu par 336 colonnes de 8m de haut (provenant d&#8217;\u00e9difices en ruine) align\u00e9es sur 12 rang\u00e9es et elle pouvait contenir jusqu&#8217;\u00e0 80 000 m\u00e8tres cubes d&#8217;eau.<\/p>\n<p>\n<center><br \/>\n<a href=\"https:\/\/picasaweb.google.com\/112511528833582729816\/BlogpressIpad202#5599925528357308658\"><img loading=\"lazy\" decoding=\"async\" border=\"0\" height=\"210\" src=\"https:\/\/lh5.ggpht.com\/_MwXVXlUNhEU\/TbbumS5hCPI\/AAAAAAAAAZY\/ZcpeTS4Vm0g\/s288\/7.jpg\" style=\"margin: 5px;\" width=\"281\" \/><\/a><\/center><\/p>\n<p><center><br \/>\n<a href=\"https:\/\/picasaweb.google.com\/112511528833582729816\/BlogpressIpad202#5599925545749347938\"><img loading=\"lazy\" decoding=\"async\" border=\"0\" height=\"210\" src=\"https:\/\/lh6.ggpht.com\/_MwXVXlUNhEU\/TbbunTsGfmI\/AAAAAAAAAZc\/a0t_DSgcjso\/s288\/9.jpg\" style=\"margin: 5px;\" width=\"281\" \/><\/a><\/center><\/p>\n<p>Cet apr\u00e8s midi, nous avons fait un tour au grand bazar, d&#8217;apr\u00e8s les guides, les dires, et nos m\u00e9moires, nous pensions p\u00e9n\u00e9trer un endroit o\u00f9 il faut s&#8217;armer de patience, \u00e9viter les rabatteurs en tout genre, prendre un bain de foule, porter nos sacs sur le ventre pour \u00e9viter les pickpocket&#8230; Et en fait, rien de tout cela&#8230; <\/p>\n<p>\n<center><br \/>\n<a href=\"https:\/\/picasaweb.google.com\/112511528833582729816\/BlogpressIpad202#5599925567358233186\"><img loading=\"lazy\" decoding=\"async\" border=\"0\" height=\"281\" src=\"https:\/\/lh4.ggpht.com\/_MwXVXlUNhEU\/TbbuokMD6mI\/AAAAAAAAAZg\/CEr14s_rB6Q\/s288\/10.jpg\" style=\"margin: 5px;\" width=\"210\" \/><\/a><\/center><\/p>\n<p>Premi\u00e8re surprise, \u00e0 chaque entr\u00e9e un policier passe les sacs avec un scanner portable. Deuxi\u00e8me surprise, le grand bazar ne ressemble pas \u00e0 nos souvenirs, c&#8217;est un endroit tr\u00e8s lumineux, presque moderne, avec des \u00e9crans plats un peu partout qui diffusent la chaine &#8220;grand bazar&#8221; o\u00f9 d\u00e9filent des informations et de la publicit\u00e9&#8230; Et puis bizarrement nous ne nous sommes pas du tout fait harceler, certains vendeurs nous ont propos\u00e9 tr\u00e8s gentiment des choses, mais un simple non merci nous a permis d&#8217;avancer tranquillement.<\/p>\n<p>\n<center><br \/>\n<a href=\"https:\/\/picasaweb.google.com\/112511528833582729816\/BlogpressIpad202#5599925607770379794\"><img loading=\"lazy\" decoding=\"async\" border=\"0\" height=\"281\" src=\"https:\/\/lh6.ggpht.com\/_MwXVXlUNhEU\/Tbbuq6vEVhI\/AAAAAAAAAZk\/80gebeBgZ8g\/s288\/11.jpg\" style=\"margin: 5px;\" width=\"210\" \/><\/a><\/center><\/p>\n<p>Enfin, le monde&#8230; En voyant les visites des diff\u00e9rents monuments, nous nous attendions \u00e0 trouver beaucoup de monde dans le grand bazar, or ce ne fut pas le cas&#8230;<\/p>\n<p>\n<center><br \/>\n<a href=\"https:\/\/picasaweb.google.com\/112511528833582729816\/BlogpressIpad202#5599925636854758562\"><img loading=\"lazy\" decoding=\"async\" border=\"0\" height=\"281\" src=\"https:\/\/lh5.ggpht.com\/_MwXVXlUNhEU\/TbbusnFUvKI\/AAAAAAAAAZo\/0wHmmPLB0fk\/s288\/12.jpg\" style=\"margin: 5px;\" width=\"210\" \/><\/a><\/center><\/p>\n<p>Du coup ce petit tour dans ce bazar mythique \u00e9tait int\u00e9ressant et agr\u00e9able mais on se demande si le charme de cet endroit n&#8217;est pas en train de disparaitre&#8230; Ce qui serait fort dommage&#8230; Il faudrait revenir en plein \u00e9t\u00e9 pour prendre un autre avis peut \u00eatre&#8230; Mais au vu des h\u00f4tels bien remplis, nous n&#8217;avons pas l&#8217;impression d&#8217;\u00eatre en basse saison ici&#8230;<\/p>\n<p><center><br \/>\n<a href=\"https:\/\/picasaweb.google.com\/112511528833582729816\/BlogpressIpad202#5599925652639855458\"><img loading=\"lazy\" decoding=\"async\" border=\"0\" height=\"210\" src=\"https:\/\/lh3.ggpht.com\/_MwXVXlUNhEU\/Tbbuth4yM2I\/AAAAAAAAAZs\/mGm3VH42Xbk\/s288\/13.jpg\" style=\"margin: 5px;\" width=\"281\" \/><\/a><\/center><\/p>\n<p>Ce soir, direction la Cappadoce en bus de nuit&#8230; Nous avons h\u00e2te!!!!<\/p>\n<p>Bonne, soir\u00e9e \u00e0 tous!<\/p>\n<p>Romain et La\u00ebtitia<\/p>\n","protected":false},"excerpt":{"rendered":"<p>La question du jour, pourquoi une mosqu\u00e9e porte un nom pareil?? Bah, tout simplement parce que avant d&#8217;\u00eatre une mosqu\u00e9e c&#8217;\u00e9tait une basilique! En tout cas, basilique ou mosqu\u00e9e, \u00e7a ne change rien \u00e0 sa beaut\u00e9&#8230; Elle est impressionnante int\u00e9rieurement comme ext\u00e9rieurement&#8230; Il y a du marbre partout, et la coupole refaite il y a peu de temps impressionne par sa taille et ses d\u00e9corations&#8230; Il faut savoir que cette coupole est tomb\u00e9e plusieurs fois suite aux diff\u00e9rents s\u00e9ismes qui ont \u00e9branl\u00e9 Istanbul au fil des si\u00e8cles, elle est m\u00eame plus petite qu&#8217;\u00e0 l&#8217;origine car Isidore le jeune, charg\u00e9 de sa reconstruction, a d\u00e9cid\u00e9 de la r\u00e9duire compte tenu de la fragilit\u00e9 des \u00e9l\u00e9ments porteurs. Cet \u00e9difice a d&#8217;ailleurs \u00e9t\u00e9 reconstruit compl\u00e8tement entre les ann\u00e9es 300 et 550 suite \u00e0 2 incendies qui l&#8217;on compl\u00e8tement d\u00e9truit&#8230;. Ce n&#8217;est qu&#8217;en 1453 que le sultan Mehmet II Fatih donna l&#8217;ordre de transformer la basilique en mosqu\u00e9e, et en 1935 c&#8217;est le premier pr\u00e9sident Turque Mustafa Kemal Atat\u00fcrk qui la transforme en mus\u00e9e. Nous sommes ensuite pass\u00e9s \u00e0 la citerne-basilique byzantine de Yerebatan, cette &#8220;basilique&#8221; en sous sol permettait d&#8217;alimenter en eau tous les palais imp\u00e9riaux de la ville. Elle mesure 65m de large et 143m de long, son plafond est soutenu par 336 colonnes de 8m de haut (provenant d&#8217;\u00e9difices en ruine) align\u00e9es sur 12 rang\u00e9es et elle pouvait contenir jusqu&#8217;\u00e0 80 000 m\u00e8tres cubes d&#8217;eau. Cet apr\u00e8s midi, nous avons fait un tour au grand bazar, d&#8217;apr\u00e8s les guides, les dires, et nos m\u00e9moires, nous pensions p\u00e9n\u00e9trer un endroit o\u00f9 il faut s&#8217;armer de patience, \u00e9viter les rabatteurs en tout genre, prendre un bain de foule, porter nos sacs sur le ventre pour \u00e9viter les pickpocket&#8230; Et en fait, rien de tout cela&#8230; Premi\u00e8re surprise, \u00e0 chaque entr\u00e9e un policier passe les sacs avec un scanner portable. Deuxi\u00e8me surprise, le grand bazar ne ressemble pas \u00e0 nos souvenirs, c&#8217;est un endroit tr\u00e8s lumineux, presque moderne, avec des \u00e9crans plats un peu partout qui diffusent la chaine &#8220;grand bazar&#8221; o\u00f9 d\u00e9filent des informations et de la publicit\u00e9&#8230; Et puis bizarrement nous ne nous sommes pas du tout fait harceler, certains vendeurs nous ont propos\u00e9 tr\u00e8s gentiment des choses, mais un simple non merci nous a permis d&#8217;avancer tranquillement. Enfin, le monde&#8230; En voyant les visites des diff\u00e9rents monuments, nous nous attendions \u00e0 trouver beaucoup de monde dans le grand bazar, or ce ne fut pas le cas&#8230; Du coup ce petit tour dans ce bazar mythique \u00e9tait int\u00e9ressant et agr\u00e9able mais on se demande si le charme de cet endroit n&#8217;est pas en train de disparaitre&#8230; Ce qui serait fort dommage&#8230; Il faudrait revenir en plein \u00e9t\u00e9 pour prendre un autre avis peut \u00eatre&#8230; Mais au vu des h\u00f4tels bien remplis, nous n&#8217;avons pas l&#8217;impression d&#8217;\u00eatre en basse saison ici&#8230; Ce soir, direction la Cappadoce en bus de nuit&#8230; Nous avons h\u00e2te!!!! Bonne, soir\u00e9e \u00e0 tous! Romain et La\u00ebtitia<\/p>\n","protected":false},"author":1,"featured_media":0,"comment_status":"open","ping_status":"open","sticky":false,"template":"","format":"standard","meta":{"footnotes":""},"categories":[27,94,93],"tags":[],"class_list":["post-722","post","type-post","status-publish","format-standard","hentry","category-europe","category-istanbul","category-turquie"],"acf":[],"_links":{"self":[{"href":"https:\/\/confidencesetoilees.fr\/index.php\/wp-json\/wp\/v2\/posts\/722"}],"collection":[{"href":"https:\/\/confidencesetoilees.fr\/index.php\/wp-json\/wp\/v2\/posts"}],"about":[{"href":"https:\/\/confidencesetoilees.fr\/index.php\/wp-json\/wp\/v2\/types\/post"}],"author":[{"embeddable":true,"href":"https:\/\/confidencesetoilees.fr\/index.php\/wp-json\/wp\/v2\/users\/1"}],"replies":[{"embeddable":true,"href":"https:\/\/confidencesetoilees.fr\/index.php\/wp-json\/wp\/v2\/comments?post=722"}],"version-history":[{"count":0,"href":"https:\/\/confidencesetoilees.fr\/index.php\/wp-json\/wp\/v2\/posts\/722\/revisions"}],"wp:attachment":[{"href":"https:\/\/confidencesetoilees.fr\/index.php\/wp-json\/wp\/v2\/media?parent=722"}],"wp:term":[{"taxonomy":"category","embeddable":true,"href":"https:\/\/confidencesetoilees.fr\/index.php\/wp-json\/wp\/v2\/categories?post=722"},{"taxonomy":"post_tag","embeddable":true,"href":"https:\/\/confidencesetoilees.fr\/index.php\/wp-json\/wp\/v2\/tags?post=722"}],"curies":[{"name":"wp","href":"https:\/\/api.w.org\/{rel}","templated":true}]}}